{"id":20911,"date":"2017-06-02T16:12:39","date_gmt":"2017-06-02T16:12:39","guid":{"rendered":""},"modified":"2017-06-02T16:12:39","modified_gmt":"2017-06-02T16:12:39","slug":"chemito-moreno-anuncia-su-retiro-del-boxeo","status":"publish","type":"post","link":"https:\/\/sertv.gob.pa\/nacionalfm\/chemito-moreno-anuncia-su-retiro-del-boxeo\/","title":{"rendered":"\u201cChemito\u201d Moreno anuncia su retiro del boxeo"},"content":{"rendered":"<p>\nEl ex\u00a0 supercampe\u00f3n gallo de la Asociaci\u00f3n Mundial de Boxeo, Anselmo &ldquo;Chemito&rdquo; Moreno anunci\u00f3 su retiro del boxeo en entrevista que le concedi\u00f3 a Juan Carlos Tapia, en su programa &ldquo;Lo Mejor del Boxeo&rdquo;. <\/p>\n<p>Moreno anuncia su retiro de los cuadril\u00e1teros luego de su derrota por K.O. en tres asaltos ante el mexicano Julio &ldquo;El Pollito&rdquo; Ceja, en disputa del t\u00edtulo plata supergallo del Consejo Mundial de Boxeo. <\/p>\n<p>Anselmo &ldquo;Chemito&rdquo; Moreno inici\u00f3 su carrera box\u00edstica desde muy ni\u00f1o de la mano del doctor Roberto Grimaldo su descubridor, desde los 7 a\u00f1os combat\u00eda en combates de abreboca, y debuta en el boxeo ol\u00edmpico a los 11 a\u00f1os. <\/p>\n<p>Participa en el primer Campeonato Nacional Escolar en 1996, en los Campeonatos Nacionales Juveniles y en los Guantes de Oro, cumpli\u00f3 todo un ciclo como boxeador ol\u00edmpico y gan\u00f3 los campeonatos en todas las categor\u00edas en las que compiti\u00f3. <\/p>\n<p>En el boxeo profesional se enfrent\u00f3 a los mejores boxeadores del orbe como Tom\u00e1s &ldquo;El Gusano&rdquo; Rojas, Wladimir Sidorenkdo, 2 veces, Vick Darchillan, Nehomar Cerme\u00f1o 2 veces, y perdi\u00f3 con boxeadores como Abner Mares, Juan Carlos Payan, el japon\u00e9s Sinsuke Yamanaka y su \u00faltimo encuentro ante el mexicano Julio &ldquo;El Pollito&rdquo; Ceja. <\/p>\n<p>Cabe destacar que sus \u00faltimas dos derrotas fueron por la v\u00eda del K.O., al retirarse del boxeo dej\u00f3 un r\u00e9cord de 36 victorias, 6 derrotas, 1 empate con 12 definidas antes del l\u00edmite. <\/p>\n","protected":false},"excerpt":{"rendered":"<p>El ex\u00a0 supercampe\u00f3n gallo de la Asociaci\u00f3n Mundial de Boxeo, <a href=\"https:\/\/sertv.gob.pa\/nacionalfm\/chemito-moreno-anuncia-su-retiro-del-boxeo\/\"> [&#8230;]<\/a><\/p>\n","protected":false},"author":1,"featured_media":20912,"comment_status":"closed","ping_status":"closed","sticky":false,"template":"","format":"standard","meta":{"footnotes":""},"categories":[4],"tags":[],"class_list":["post-20911","post","type-post","status-publish","format-standard","has-post-thumbnail","hentry","category-deportes"],"_links":{"self":[{"href":"https:\/\/sertv.gob.pa\/nacionalfm\/wp-json\/wp\/v2\/posts\/20911","targetHints":{"allow":["GET"]}}],"collection":[{"href":"https:\/\/sertv.gob.pa\/nacionalfm\/wp-json\/wp\/v2\/posts"}],"about":[{"href":"https:\/\/sertv.gob.pa\/nacionalfm\/wp-json\/wp\/v2\/types\/post"}],"author":[{"embeddable":true,"href":"https:\/\/sertv.gob.pa\/nacionalfm\/wp-json\/wp\/v2\/users\/1"}],"replies":[{"embeddable":true,"href":"https:\/\/sertv.gob.pa\/nacionalfm\/wp-json\/wp\/v2\/comments?post=20911"}],"version-history":[{"count":0,"href":"https:\/\/sertv.gob.pa\/nacionalfm\/wp-json\/wp\/v2\/posts\/20911\/revisions"}],"wp:featuredmedia":[{"embeddable":true,"href":"https:\/\/sertv.gob.pa\/nacionalfm\/wp-json\/wp\/v2\/media\/20912"}],"wp:attachment":[{"href":"https:\/\/sertv.gob.pa\/nacionalfm\/wp-json\/wp\/v2\/media?parent=20911"}],"wp:term":[{"taxonomy":"category","embeddable":true,"href":"https:\/\/sertv.gob.pa\/nacionalfm\/wp-json\/wp\/v2\/categories?post=20911"},{"taxonomy":"post_tag","embeddable":true,"href":"https:\/\/sertv.gob.pa\/nacionalfm\/wp-json\/wp\/v2\/tags?post=20911"}],"curies":[{"name":"wp","href":"https:\/\/api.w.org\/{rel}","templated":true}]}}