{"id":20951,"date":"2017-06-05T16:07:06","date_gmt":"2017-06-05T16:07:06","guid":{"rendered":""},"modified":"2017-06-05T16:07:06","modified_gmt":"2017-06-05T16:07:06","slug":"colonense-grant-supera-marca-para-mundial-de-menor-de-atletismo","status":"publish","type":"post","link":"https:\/\/sertv.gob.pa\/nacionalfm\/colonense-grant-supera-marca-para-mundial-de-menor-de-atletismo\/","title":{"rendered":"Colonense Grant supera marca para Mundial de Menor de Atletismo"},"content":{"rendered":"<p>\nPara competir en el Campeonato Mundial Menor de Atletismo a celebrarse en julio en Nairobi, Kenia, el colonense Antonio Grant con tiempo de 49.07 super\u00f3 la marca exigida de 49.10 para los 400 metros planos. <\/p>\n<p>Grant de 16 a\u00f1os\u00a0 a solicitud de la Liga Provincial de Col\u00f3n fue invitado a participar en el Campeonato Nacional Mayor realizado en la pista del estadio Rommel Fern\u00e1ndez y a pesar de ubicarse consigui\u00f3 superar el registro solicitado como marca m\u00ednima para competir en la justa juvenil mundialista. <\/p>\n<p>Grant entrena bajo las instrucciones t\u00e9cnicas del entrenador Florencio Aguilar en el estadio Armando Dely Vald\u00e9s, pero ese esfuerzo tiene que combinarlo con sus estudios, al cursar el cuarto a\u00f1o en la especialidad de comercio en el colegio Sim\u00f3n Urbina. <\/p>\n<p>Grant al ser un atleta proveniente de las filas colegiales con destacada participaci\u00f3n en Juegos Estudiantiles del CODICADER es beneficiado por PANDEPORTES con el incentivo mensual de 200 balboas dentro del programa de becas deportivas de Talentos Deportivos. <\/p>\n<p>Pero ahora con su pasaporte para el Mundial Menor se le apoyar\u00e1 con otros recursos para que llegue con la mejor preparaci\u00f3n para la justa mundialista. <\/p>\n<p>\u00a0 <\/p>\n","protected":false},"excerpt":{"rendered":"<p>Para competir en el Campeonato Mundial Menor de Atletismo a <a href=\"https:\/\/sertv.gob.pa\/nacionalfm\/colonense-grant-supera-marca-para-mundial-de-menor-de-atletismo\/\"> [&#8230;]<\/a><\/p>\n","protected":false},"author":1,"featured_media":20952,"comment_status":"closed","ping_status":"closed","sticky":false,"template":"","format":"standard","meta":{"footnotes":""},"categories":[4],"tags":[],"class_list":["post-20951","post","type-post","status-publish","format-standard","has-post-thumbnail","hentry","category-deportes"],"_links":{"self":[{"href":"https:\/\/sertv.gob.pa\/nacionalfm\/wp-json\/wp\/v2\/posts\/20951","targetHints":{"allow":["GET"]}}],"collection":[{"href":"https:\/\/sertv.gob.pa\/nacionalfm\/wp-json\/wp\/v2\/posts"}],"about":[{"href":"https:\/\/sertv.gob.pa\/nacionalfm\/wp-json\/wp\/v2\/types\/post"}],"author":[{"embeddable":true,"href":"https:\/\/sertv.gob.pa\/nacionalfm\/wp-json\/wp\/v2\/users\/1"}],"replies":[{"embeddable":true,"href":"https:\/\/sertv.gob.pa\/nacionalfm\/wp-json\/wp\/v2\/comments?post=20951"}],"version-history":[{"count":0,"href":"https:\/\/sertv.gob.pa\/nacionalfm\/wp-json\/wp\/v2\/posts\/20951\/revisions"}],"wp:featuredmedia":[{"embeddable":true,"href":"https:\/\/sertv.gob.pa\/nacionalfm\/wp-json\/wp\/v2\/media\/20952"}],"wp:attachment":[{"href":"https:\/\/sertv.gob.pa\/nacionalfm\/wp-json\/wp\/v2\/media?parent=20951"}],"wp:term":[{"taxonomy":"category","embeddable":true,"href":"https:\/\/sertv.gob.pa\/nacionalfm\/wp-json\/wp\/v2\/categories?post=20951"},{"taxonomy":"post_tag","embeddable":true,"href":"https:\/\/sertv.gob.pa\/nacionalfm\/wp-json\/wp\/v2\/tags?post=20951"}],"curies":[{"name":"wp","href":"https:\/\/api.w.org\/{rel}","templated":true}]}}