{"id":20959,"date":"2017-06-05T18:20:12","date_gmt":"2017-06-05T18:20:12","guid":{"rendered":""},"modified":"2017-06-05T18:20:12","modified_gmt":"2017-06-05T18:20:12","slug":"cambios-en-horario-de-comidas-enloquecen-ritmo-circadiano","status":"publish","type":"post","link":"https:\/\/sertv.gob.pa\/nacionalfm\/cambios-en-horario-de-comidas-enloquecen-ritmo-circadiano\/","title":{"rendered":"Cambios en horario de comidas enloquecen ritmo circadiano"},"content":{"rendered":"<p>\n Los ritmos circadianos, el metabolismo y la nutrici\u00f3n est\u00e1n \u00edntimamente ligados . Y uno de los mecanismos m\u00e1s importantes para que el cuerpo sincronice su reloj interno parece ser las horas de las comidas. Al menos as\u00ed lo estableci\u00f3 un grupo de investigadores m\u00e9dicos brit\u00e1nicos. <\/p>\n<p>Para demostrar los efectos de la hora de comer en el sistema circadiano humano, los investigadores r eclutaron a diez hombres j\u00f3venes sanos que aceptaron someterse a un protocolo de laboratorio de 13 d\u00edas  para evaluar el impacto de un retraso de 5 horas en las comidas. <\/p>\n<p>En la primera parte del experimento, los voluntarios recibieron tres comidas (desayuno, almuerzo, cena) a intervalos de 5 horas. Una vez se aclimataron a este ritmo tradicional,  se retrasaron el desayuno y la comida durante 6 horas . <\/p>\n<p>Para evaluar el ritmo circadiano se analizaron  los patrones de sue\u00f1o y algunas sustancias en sangre  como melatonina plasm\u00e1tica, glucosa y cortisol, entre otras, asociadas al &ldquo;reloj interno&rdquo; de los humanos. <\/p>\n<p>&ldquo;Despu\u00e9s de las comidas tard\u00edas, sin embargo,  los ritmos de glucosa plasm\u00e1tica se retrasaron  en 5,69 \u00b1 1,29 horas y la concentraci\u00f3n media de glucosa&rdquo;, indicaron los investigadores al  publicar sus resultados en la revista Cell . Algo parecido sucedi\u00f3 con sustancias del tejido adiposo. <\/p>\n<p>&ldquo;Lo que indica que l os relojes moleculares humanos pueden ser regulados por el tiempo de alimentaci\u00f3n  y podr\u00edan sostener los cambios en la glucosa plasm\u00e1tica. Por lo tanto, las comidas cronometradas desempe\u00f1an un papel en la sincronizaci\u00f3n de los ritmos circadianos perif\u00e9ricos en los seres humanos y pueden tener especial relevancia para los pacientes con trastornos del ritmo circadiano, trabajadores por turnos y viajeros transmeridianos&rdquo;, agregaron.\u00a0 <\/p>\n<p>\u00a0 <\/p>\n","protected":false},"excerpt":{"rendered":"<p>Los ritmos circadianos, el metabolismo y la nutrici\u00f3n est\u00e1n \u00edntimamente <a href=\"https:\/\/sertv.gob.pa\/nacionalfm\/cambios-en-horario-de-comidas-enloquecen-ritmo-circadiano\/\"> [&#8230;]<\/a><\/p>\n","protected":false},"author":1,"featured_media":20960,"comment_status":"closed","ping_status":"closed","sticky":false,"template":"","format":"standard","meta":{"footnotes":""},"categories":[5],"tags":[],"class_list":["post-20959","post","type-post","status-publish","format-standard","has-post-thumbnail","hentry","category-salud"],"_links":{"self":[{"href":"https:\/\/sertv.gob.pa\/nacionalfm\/wp-json\/wp\/v2\/posts\/20959","targetHints":{"allow":["GET"]}}],"collection":[{"href":"https:\/\/sertv.gob.pa\/nacionalfm\/wp-json\/wp\/v2\/posts"}],"about":[{"href":"https:\/\/sertv.gob.pa\/nacionalfm\/wp-json\/wp\/v2\/types\/post"}],"author":[{"embeddable":true,"href":"https:\/\/sertv.gob.pa\/nacionalfm\/wp-json\/wp\/v2\/users\/1"}],"replies":[{"embeddable":true,"href":"https:\/\/sertv.gob.pa\/nacionalfm\/wp-json\/wp\/v2\/comments?post=20959"}],"version-history":[{"count":0,"href":"https:\/\/sertv.gob.pa\/nacionalfm\/wp-json\/wp\/v2\/posts\/20959\/revisions"}],"wp:featuredmedia":[{"embeddable":true,"href":"https:\/\/sertv.gob.pa\/nacionalfm\/wp-json\/wp\/v2\/media\/20960"}],"wp:attachment":[{"href":"https:\/\/sertv.gob.pa\/nacionalfm\/wp-json\/wp\/v2\/media?parent=20959"}],"wp:term":[{"taxonomy":"category","embeddable":true,"href":"https:\/\/sertv.gob.pa\/nacionalfm\/wp-json\/wp\/v2\/categories?post=20959"},{"taxonomy":"post_tag","embeddable":true,"href":"https:\/\/sertv.gob.pa\/nacionalfm\/wp-json\/wp\/v2\/tags?post=20959"}],"curies":[{"name":"wp","href":"https:\/\/api.w.org\/{rel}","templated":true}]}}