{"id":20963,"date":"2017-06-05T18:35:23","date_gmt":"2017-06-05T18:35:23","guid":{"rendered":""},"modified":"2017-06-05T18:35:23","modified_gmt":"2017-06-05T18:35:23","slug":"el-ejercicio-puede-protegerlo-del-alzheimer","status":"publish","type":"post","link":"https:\/\/sertv.gob.pa\/nacionalfm\/el-ejercicio-puede-protegerlo-del-alzheimer\/","title":{"rendered":"El ejercicio puede protegerlo del Alzheimer"},"content":{"rendered":"<p>\nActualmente, seg\u00fan la organizaci\u00f3n mundial de la salud (OMS) en el mundo hay 47,5 millones de personas que sufren de demencia asociada al Alzheimer. Es como si todos los habitantes de Colombia sufrieran de esta enfermedad degenerativa que, adem\u00e1s, no tiene cura. <\/p>\n<p>Por eso, un panel de expertos y l\u00edderes de organizaciones sin \u00e1nimo de lucro se reunieron en la Universidad de Okanagan, en Canad\u00e1, para exponer lo que ellos consideran es  la mejor forma de reducir el riesgo de Alzheimer. La respuesta es tan simple que parece mentira: ejercicio f\u00edsico.  <\/p>\n<p>Los investigadores rebuscaron en las 150 investigaciones m\u00e1s relevantes que se han hecho sobre la demencia y el Alzheimer y su relaci\u00f3n con el ejercicio. &ldquo;Despu\u00e9s de evaluar toda la informaci\u00f3n disponible, nuestro panel concluye que la actividad f\u00edsica es una manera pr\u00e1ctica, econ\u00f3mica y accesible tanto para prevenir como para tratar el Alzheimer y otros tipos de demencia&rdquo;, expuso la docente Kathleen Martin. <\/p>\n<p>La evidencia era clara. Tanto los estudios que exploraban c\u00f3mo el ejercicio f\u00edsico pod\u00eda mejorar la calidad de los pacientes diagnosticados, as\u00ed como aquellos que evaluaban el riesgo de desarrollar la enfermedad basado en la cantidad de ejercicio f\u00edsico de los individuos; demostraron que el impacto de la actividad f\u00edsica  siempre era positivo.  <\/p>\n<p>El panel concluy\u00f3 que, en el caso de los pacientes diagnosticados, el ejercicio f\u00edsico serv\u00eda para mejorar su desempe\u00f1o en las actividades del d\u00eda a d\u00eda, as\u00ed como su movilidad, cognici\u00f3n y equilibrio.\u00a0 <\/p>\n<p>En el caso de los adultos mayores sanos, el estudio demostr\u00f3 que los ancianos que est\u00e1n f\u00edsicamente activos ten\u00edan un riesgo mucho m\u00e1s bajo de desarrollar la enfermedad, comparados con quienes no efectuaban ning\u00fan tipo de actividad f\u00edsica.\u00a0 <\/p>\n<p>La investigadora Martin Ginis calific\u00f3  el hallazgo como &ldquo;emocionante&rdquo; , pues permitir\u00eda que organismos de salud de todo el mundo priorizaran sus esfuerzos para promover el ejercicio en adultos mayores, con evidencia cient\u00edfica como respaldo. Estos esfuerzos ser\u00e1n claves, pues la OMS ha calculado que para 2050, ser\u00e1n 106 millones de personas los que sufrir\u00e1n alguna clase de demencia.\u00a0 <\/p>\n<p>\u00a0 <\/p>\n","protected":false},"excerpt":{"rendered":"<p>Actualmente, seg\u00fan la organizaci\u00f3n mundial de la salud (OMS) en <a href=\"https:\/\/sertv.gob.pa\/nacionalfm\/el-ejercicio-puede-protegerlo-del-alzheimer\/\"> [&#8230;]<\/a><\/p>\n","protected":false},"author":1,"featured_media":20964,"comment_status":"closed","ping_status":"closed","sticky":false,"template":"","format":"standard","meta":{"footnotes":""},"categories":[5],"tags":[],"class_list":["post-20963","post","type-post","status-publish","format-standard","has-post-thumbnail","hentry","category-salud"],"_links":{"self":[{"href":"https:\/\/sertv.gob.pa\/nacionalfm\/wp-json\/wp\/v2\/posts\/20963","targetHints":{"allow":["GET"]}}],"collection":[{"href":"https:\/\/sertv.gob.pa\/nacionalfm\/wp-json\/wp\/v2\/posts"}],"about":[{"href":"https:\/\/sertv.gob.pa\/nacionalfm\/wp-json\/wp\/v2\/types\/post"}],"author":[{"embeddable":true,"href":"https:\/\/sertv.gob.pa\/nacionalfm\/wp-json\/wp\/v2\/users\/1"}],"replies":[{"embeddable":true,"href":"https:\/\/sertv.gob.pa\/nacionalfm\/wp-json\/wp\/v2\/comments?post=20963"}],"version-history":[{"count":0,"href":"https:\/\/sertv.gob.pa\/nacionalfm\/wp-json\/wp\/v2\/posts\/20963\/revisions"}],"wp:featuredmedia":[{"embeddable":true,"href":"https:\/\/sertv.gob.pa\/nacionalfm\/wp-json\/wp\/v2\/media\/20964"}],"wp:attachment":[{"href":"https:\/\/sertv.gob.pa\/nacionalfm\/wp-json\/wp\/v2\/media?parent=20963"}],"wp:term":[{"taxonomy":"category","embeddable":true,"href":"https:\/\/sertv.gob.pa\/nacionalfm\/wp-json\/wp\/v2\/categories?post=20963"},{"taxonomy":"post_tag","embeddable":true,"href":"https:\/\/sertv.gob.pa\/nacionalfm\/wp-json\/wp\/v2\/tags?post=20963"}],"curies":[{"name":"wp","href":"https:\/\/api.w.org\/{rel}","templated":true}]}}