{"id":20967,"date":"2017-06-05T19:56:45","date_gmt":"2017-06-05T19:56:45","guid":{"rendered":""},"modified":"2017-06-05T19:56:45","modified_gmt":"2017-06-05T19:56:45","slug":"inauguran-copa-de-softbol-de-ligas-superiores-en-vacamonte","status":"publish","type":"post","link":"https:\/\/sertv.gob.pa\/nacionalfm\/inauguran-copa-de-softbol-de-ligas-superiores-en-vacamonte\/","title":{"rendered":"Inauguran Copa de Softbol de Ligas Superiores en Vacamonte"},"content":{"rendered":"<p>\nEn el Cuadro de Bola Suave de Vacamonte se llev\u00f3 a cabo la Inauguraci\u00f3n de la Segunda Copa de Softbol de Ligas Superiores, dedicada al gran pelotero y miembro del Sal\u00f3n de la Fama, Augusto &ldquo;Papa&rdquo; Maldonado. <\/p>\n<p>El primer partido que se realiz\u00f3 antes de la inauguraci\u00f3n, fue a cargo de los Amanecidos vs Polic\u00eda Nacional, ambos con gran potencial de pitcheo y bateo. <\/p>\n<p>Este fue ganado 3 a 0 por los Amanecidos, quienes vinieron desde Tocumen. Ellos son los campeones actuales de las Ligas Superiores de Sofbol en la categor\u00eda de Molinete o &ldquo;Fast Pitch&rdquo;; campeones de la Primera Copa que se realiz\u00f3 hace dos a\u00f1os, y que \u00e9sta a su vez los llev\u00f3 a reforzar a la selecci\u00f3n nacional y nos representaron dignamente en el Campeonato Suramericano de Bogot\u00e1, Colombia. Por supuesto que se tornaron campeones llev\u00e1ndose la medalla de oro de dicho torneo realizado en agosto 2015. <\/p>\n<p>Seguido del partido, vino la inauguraci\u00f3n contando con figuras representativas del Sofbol como lo fueron Eliecer Moreno, Cesar Acevedo, Augusto &ldquo;Papa&rdquo; Maldonado, H\u00e9ctor \u00c1vila e inclusive una leyenda y gloria del baloncesto como es el gran Davis Peralta. Este \u00faltimo nos coment\u00f3 con sus palabras, que recomendaba fuertemente que &ldquo;todos los presidentes de las federaciones deben ser los mismos peloteros y\/o jugadores, ya que ellos son los que conocen lo bueno, lo malo y lo feo&rdquo;. <\/p>\n<p>El lanzamiento de honor estuvo a cargo del tremendo lanzador H\u00e9ctor \u00c1vila, el bateador de honor fue el homenajeado Augusto &ldquo;Papa&rdquo; Maldonado y el receptor, el maestro del baloncesto Davis Peralta. <\/p>\n<p>PANDEPORTES invita a la fanaticada a los partidos que ser\u00e1n todos los s\u00e1bados hasta el 12 de agosto, que ser\u00e1 la gran final. <\/p>\n<p>\u00a0 <\/p>\n<p>\u00a0 <\/p>\n","protected":false},"excerpt":{"rendered":"<p>En el Cuadro de Bola Suave de Vacamonte se llev\u00f3 <a href=\"https:\/\/sertv.gob.pa\/nacionalfm\/inauguran-copa-de-softbol-de-ligas-superiores-en-vacamonte\/\"> [&#8230;]<\/a><\/p>\n","protected":false},"author":1,"featured_media":20968,"comment_status":"closed","ping_status":"closed","sticky":false,"template":"","format":"standard","meta":{"footnotes":""},"categories":[4],"tags":[],"class_list":["post-20967","post","type-post","status-publish","format-standard","has-post-thumbnail","hentry","category-deportes"],"_links":{"self":[{"href":"https:\/\/sertv.gob.pa\/nacionalfm\/wp-json\/wp\/v2\/posts\/20967","targetHints":{"allow":["GET"]}}],"collection":[{"href":"https:\/\/sertv.gob.pa\/nacionalfm\/wp-json\/wp\/v2\/posts"}],"about":[{"href":"https:\/\/sertv.gob.pa\/nacionalfm\/wp-json\/wp\/v2\/types\/post"}],"author":[{"embeddable":true,"href":"https:\/\/sertv.gob.pa\/nacionalfm\/wp-json\/wp\/v2\/users\/1"}],"replies":[{"embeddable":true,"href":"https:\/\/sertv.gob.pa\/nacionalfm\/wp-json\/wp\/v2\/comments?post=20967"}],"version-history":[{"count":0,"href":"https:\/\/sertv.gob.pa\/nacionalfm\/wp-json\/wp\/v2\/posts\/20967\/revisions"}],"wp:featuredmedia":[{"embeddable":true,"href":"https:\/\/sertv.gob.pa\/nacionalfm\/wp-json\/wp\/v2\/media\/20968"}],"wp:attachment":[{"href":"https:\/\/sertv.gob.pa\/nacionalfm\/wp-json\/wp\/v2\/media?parent=20967"}],"wp:term":[{"taxonomy":"category","embeddable":true,"href":"https:\/\/sertv.gob.pa\/nacionalfm\/wp-json\/wp\/v2\/categories?post=20967"},{"taxonomy":"post_tag","embeddable":true,"href":"https:\/\/sertv.gob.pa\/nacionalfm\/wp-json\/wp\/v2\/tags?post=20967"}],"curies":[{"name":"wp","href":"https:\/\/api.w.org\/{rel}","templated":true}]}}