{"id":20991,"date":"2017-06-06T18:29:29","date_gmt":"2017-06-06T18:29:29","guid":{"rendered":""},"modified":"2017-06-06T18:29:29","modified_gmt":"2017-06-06T18:29:29","slug":"el-embarazo-y-el-cancer-de-mama","status":"publish","type":"post","link":"https:\/\/sertv.gob.pa\/nacionalfm\/el-embarazo-y-el-cancer-de-mama\/","title":{"rendered":"El embarazo y el c\u00e1ncer de mama"},"content":{"rendered":"<p>\nQuedar embarazada luego de un diagn\u00f3stico de c\u00e1ncer de mama no aumenta el riesgo de que el c\u00e1ncer retorne, seg\u00fan se desprende del mayor estudio sobre este tema a la fecha, dado a conocer en una importante conferencia sobre el c\u00e1ncer. <\/p>\n<p> El estudio incluy\u00f3 a 1.207 mujeres menores de 50 a\u00f1os que tuvieron c\u00e1ncer de mama que no se hab\u00eda extendido a otras partes del cuerpo.  La mayor\u00eda de las mujeres en dicho estudio (57%) ten\u00edan un tipo de c\u00e1ncer en el cual los tumores se ven impulsados por las hormonas sexuales conocidas como estr\u00f3genos (ER). <\/p>\n<p>Algunos doctores tem\u00edan que estas mujeres pudieran enfrentar un mayor riesgo de recurrencia del c\u00e1ncer si sal\u00edan embarazadas, debido a cambios hormonales durante la gestaci\u00f3n.  Durante el estudio, 333 de las mujeres quedaron embarazadas.  Despu\u00e9s de un seguimiento de 10 a\u00f1os, los investigadores encontraron que no exist\u00eda \u00abninguna diferencia\u00bb en los \u00edndices de recurrencia del c\u00e1ncer entre quienes hab\u00edan quedado embarazadas y las que no, seg\u00fan se asegura en un reporte del estudio que fue dado a conocer en el encuentro de la Sociedad Estadounidense de Oncolog\u00eda Cl\u00ednica. <\/p>\n<p>El embarazo tambi\u00e9n mostr\u00f3 sorpresivos beneficios para las mujeres que hab\u00edan sobrevivido a tipos de c\u00e1ncer que ten\u00edan un ER negativo.  Estas mujeres ten\u00edan un 42% menos probabilidades de morir que aqu\u00e9llas que no hab\u00edan quedado embarazadas.   <\/p>\n<p>\u00abNuestros descubrimientos confirman que el embarazo despu\u00e9s de un c\u00e1ncer de mama no deber\u00eda temerse, ni siquiera por mujeres que sufrieron tipos de c\u00e1ncer con un ER positivo\u00bb, dijo Matteo Lambertini, m\u00e9dico onc\u00f3logo que dirigi\u00f3 este estudio en el Instituto Jules Bordet en Bruselas. \u00abEs posible que el embarazo pudiera ser un factor de protecci\u00f3n para pacientes con c\u00e1ncer de mama del tipo ER negativo, a trav\u00e9s de mecanismos de inmunidad u hormonales, pero esto debe investigarse m\u00e1s\u00bb. <\/p>\n<p> El c\u00e1ncer de mama es el m\u00e1s com\u00fan en mujeres que est\u00e1n en edad de procrear.  Alrededor de la mitad de las mujeres j\u00f3venes a las que se les ha diagnosticado recientemente un c\u00e1ncer de mama se muestran interesadas en tener hijos, pero las investigaciones demuestran que menos de 10% de ellas quedan embarazadas despu\u00e9s de haber recibido tratamiento para combatir dicho c\u00e1ncer. <\/p>\n<p>\u00a0 <\/p>\n","protected":false},"excerpt":{"rendered":"<p>Quedar embarazada luego de un diagn\u00f3stico de c\u00e1ncer de mama <a href=\"https:\/\/sertv.gob.pa\/nacionalfm\/el-embarazo-y-el-cancer-de-mama\/\"> [&#8230;]<\/a><\/p>\n","protected":false},"author":1,"featured_media":20992,"comment_status":"closed","ping_status":"closed","sticky":false,"template":"","format":"standard","meta":{"footnotes":""},"categories":[5],"tags":[],"class_list":["post-20991","post","type-post","status-publish","format-standard","has-post-thumbnail","hentry","category-salud"],"_links":{"self":[{"href":"https:\/\/sertv.gob.pa\/nacionalfm\/wp-json\/wp\/v2\/posts\/20991","targetHints":{"allow":["GET"]}}],"collection":[{"href":"https:\/\/sertv.gob.pa\/nacionalfm\/wp-json\/wp\/v2\/posts"}],"about":[{"href":"https:\/\/sertv.gob.pa\/nacionalfm\/wp-json\/wp\/v2\/types\/post"}],"author":[{"embeddable":true,"href":"https:\/\/sertv.gob.pa\/nacionalfm\/wp-json\/wp\/v2\/users\/1"}],"replies":[{"embeddable":true,"href":"https:\/\/sertv.gob.pa\/nacionalfm\/wp-json\/wp\/v2\/comments?post=20991"}],"version-history":[{"count":0,"href":"https:\/\/sertv.gob.pa\/nacionalfm\/wp-json\/wp\/v2\/posts\/20991\/revisions"}],"wp:featuredmedia":[{"embeddable":true,"href":"https:\/\/sertv.gob.pa\/nacionalfm\/wp-json\/wp\/v2\/media\/20992"}],"wp:attachment":[{"href":"https:\/\/sertv.gob.pa\/nacionalfm\/wp-json\/wp\/v2\/media?parent=20991"}],"wp:term":[{"taxonomy":"category","embeddable":true,"href":"https:\/\/sertv.gob.pa\/nacionalfm\/wp-json\/wp\/v2\/categories?post=20991"},{"taxonomy":"post_tag","embeddable":true,"href":"https:\/\/sertv.gob.pa\/nacionalfm\/wp-json\/wp\/v2\/tags?post=20991"}],"curies":[{"name":"wp","href":"https:\/\/api.w.org\/{rel}","templated":true}]}}