{"id":20999,"date":"2017-06-06T20:02:53","date_gmt":"2017-06-06T20:02:53","guid":{"rendered":""},"modified":"2017-06-06T20:02:53","modified_gmt":"2017-06-06T20:02:53","slug":"la-arana-y-el-nica-vuelven-a-los-cuadrilateros-panamenos-el-5-de-julio","status":"publish","type":"post","link":"https:\/\/sertv.gob.pa\/nacionalfm\/la-arana-y-el-nica-vuelven-a-los-cuadrilateros-panamenos-el-5-de-julio\/","title":{"rendered":"\u201cLa Ara\u00f1a\u201d y \u201cEl Nica\u201d vuelven a los cuadril\u00e1teros paname\u00f1os el 5 de julio"},"content":{"rendered":"<p>\nPromociones y Eventos del Istmo lanz\u00f3 en conferencia de prensa su pr\u00f3xima cartelera box\u00edstica &ldquo;Puro Poder&rdquo; que marca el retorno ante la afici\u00f3n paname\u00f1a de los excampeones mundiales Roberto &ldquo;La Ara\u00f1a&rdquo; V\u00e1squez y Luis &ldquo;El Nica&rdquo; Concepci\u00f3n, el pr\u00f3ximo 5 de julio en el Fantastic Casino de Albrook. <\/p>\n<p>Roberto &ldquo;La Ara\u00f1a&rdquo; V\u00e1squez se mide al colombiano Mauricio Mart\u00ednez conocido por la afici\u00f3n nacional por el gran encuentro que brind\u00f3 a\u00f1os atr\u00e1s ante el verag\u00fcense Jos\u00e9 &ldquo;El Tigre&rdquo; Forero a quien logr\u00f3 derribar para luego empatar. <\/p>\n<p>En tanto que Luis &ldquo;El Nica&rdquo; Concepci\u00f3n se mide a Ronald Ramos, quien ha librado emotivos encuentros en Panam\u00e1 ante los venezolanos Jean Piero P\u00e9rez en disputa del t\u00edtulo minimosca FEDELATIN de la Asociaci\u00f3n Mundial de Boxeo y ante Edgar Vel\u00e1squez, a quien venci\u00f3 por decisi\u00f3n dividida. <\/p>\n<p>La \u00faltima vez que Roberto V\u00e1squez pele\u00f3 en Panam\u00e1 fue el 10 de agosto del 2013, en el Hotel Megapolis, que perdi\u00f3 decisi\u00f3n dividida ante el colombiano Walberto Ramos, en tanto que Luis Concepci\u00f3n, combati\u00f3 por \u00faltima vez el 17 de diciembre del 2015 defendiendo con \u00e9xito su t\u00edtulo interino supermosca ante su verdugo Hern\u00e1n &ldquo;Tyson&rdquo; M\u00e1rquez a quien en esta ocasi\u00f3n super\u00f3 por decisi\u00f3n un\u00e1nime de los jueces. <\/p>\n<p>En otros encuentros Ricardo &ldquo;El Cient\u00edfico&rdquo; N\u00fa\u00f1ez se mide al tambi\u00e9n conocido Yogli Herrera de Colombia, quien en su oportunidad estuvo a punto de noquear a Ricardo &ldquo;El Maestrito&rdquo; C\u00f3rdoba, Daniel &ldquo;Macarr\u00f3n&rdquo; Miranda se mide a Gilmer Ba\u00fales, y Jonh Hibbert se enfrenta a Alvin Cede\u00f1o. Le buscan rival a Bryan &ldquo;La Roca&rdquo; De Gracia y al invicto Rafael Pedroza. <\/p>\n","protected":false},"excerpt":{"rendered":"<p>Promociones y Eventos del Istmo lanz\u00f3 en conferencia de prensa <a href=\"https:\/\/sertv.gob.pa\/nacionalfm\/la-arana-y-el-nica-vuelven-a-los-cuadrilateros-panamenos-el-5-de-julio\/\"> [&#8230;]<\/a><\/p>\n","protected":false},"author":1,"featured_media":21000,"comment_status":"closed","ping_status":"closed","sticky":false,"template":"","format":"standard","meta":{"footnotes":""},"categories":[4],"tags":[],"class_list":["post-20999","post","type-post","status-publish","format-standard","has-post-thumbnail","hentry","category-deportes"],"_links":{"self":[{"href":"https:\/\/sertv.gob.pa\/nacionalfm\/wp-json\/wp\/v2\/posts\/20999","targetHints":{"allow":["GET"]}}],"collection":[{"href":"https:\/\/sertv.gob.pa\/nacionalfm\/wp-json\/wp\/v2\/posts"}],"about":[{"href":"https:\/\/sertv.gob.pa\/nacionalfm\/wp-json\/wp\/v2\/types\/post"}],"author":[{"embeddable":true,"href":"https:\/\/sertv.gob.pa\/nacionalfm\/wp-json\/wp\/v2\/users\/1"}],"replies":[{"embeddable":true,"href":"https:\/\/sertv.gob.pa\/nacionalfm\/wp-json\/wp\/v2\/comments?post=20999"}],"version-history":[{"count":0,"href":"https:\/\/sertv.gob.pa\/nacionalfm\/wp-json\/wp\/v2\/posts\/20999\/revisions"}],"wp:featuredmedia":[{"embeddable":true,"href":"https:\/\/sertv.gob.pa\/nacionalfm\/wp-json\/wp\/v2\/media\/21000"}],"wp:attachment":[{"href":"https:\/\/sertv.gob.pa\/nacionalfm\/wp-json\/wp\/v2\/media?parent=20999"}],"wp:term":[{"taxonomy":"category","embeddable":true,"href":"https:\/\/sertv.gob.pa\/nacionalfm\/wp-json\/wp\/v2\/categories?post=20999"},{"taxonomy":"post_tag","embeddable":true,"href":"https:\/\/sertv.gob.pa\/nacionalfm\/wp-json\/wp\/v2\/tags?post=20999"}],"curies":[{"name":"wp","href":"https:\/\/api.w.org\/{rel}","templated":true}]}}