{"id":21005,"date":"2017-06-06T21:22:33","date_gmt":"2017-06-06T21:22:33","guid":{"rendered":""},"modified":"2017-06-06T21:22:33","modified_gmt":"2017-06-06T21:22:33","slug":"el-fusil-quintero-combatira-en-espana","status":"publish","type":"post","link":"https:\/\/sertv.gob.pa\/nacionalfm\/el-fusil-quintero-combatira-en-espana\/","title":{"rendered":"\u201cEl Fusil\u201d Quintero combatir\u00e1 en Espa\u00f1a"},"content":{"rendered":"<p>\nEl p\u00fagil chiricano Aristides &ldquo;El Fusil&rdquo; Quintero se present\u00f3 a la Comisi\u00f3n de Boxeo Profesional para solicitar permiso para combatir en Espa\u00f1a el pr\u00f3ximo mes ante el p\u00fagil Jos\u00e9 &ldquo;El Ni\u00f1o&rdquo; Del R\u00edo. <\/p>\n<p>El presidente de la COMIBOX, Jaime Salas le manifest\u00f3 que luego que cumpla con todos los ex\u00e1menes que exige la Comisi\u00f3n de Boxeo de Espa\u00f1a, no habr\u00e1 ning\u00fan inconveniente para que valla a cumplir dicho compromiso. <\/p>\n<p>Aristides Quintero cuenta con un r\u00e9cord de 20 victorias con 6 derrotas, un empate y 17 definidas por K.O. <\/p>\n<p>Su \u00faltimo encuentro lo perdi\u00f3 ante el invicto p\u00fagil nicarag\u00fcense, Roberto Arriza y su \u00faltima victoria fue ante Jos\u00e9 &ldquo;El Indio&rdquo; Miranda a quien venci\u00f3 por K.O.T. <\/p>\n","protected":false},"excerpt":{"rendered":"<p>El p\u00fagil chiricano Aristides &ldquo;El Fusil&rdquo; Quintero se present\u00f3 a <a href=\"https:\/\/sertv.gob.pa\/nacionalfm\/el-fusil-quintero-combatira-en-espana\/\"> [&#8230;]<\/a><\/p>\n","protected":false},"author":1,"featured_media":21006,"comment_status":"closed","ping_status":"closed","sticky":false,"template":"","format":"standard","meta":{"footnotes":""},"categories":[4],"tags":[],"class_list":["post-21005","post","type-post","status-publish","format-standard","has-post-thumbnail","hentry","category-deportes"],"_links":{"self":[{"href":"https:\/\/sertv.gob.pa\/nacionalfm\/wp-json\/wp\/v2\/posts\/21005","targetHints":{"allow":["GET"]}}],"collection":[{"href":"https:\/\/sertv.gob.pa\/nacionalfm\/wp-json\/wp\/v2\/posts"}],"about":[{"href":"https:\/\/sertv.gob.pa\/nacionalfm\/wp-json\/wp\/v2\/types\/post"}],"author":[{"embeddable":true,"href":"https:\/\/sertv.gob.pa\/nacionalfm\/wp-json\/wp\/v2\/users\/1"}],"replies":[{"embeddable":true,"href":"https:\/\/sertv.gob.pa\/nacionalfm\/wp-json\/wp\/v2\/comments?post=21005"}],"version-history":[{"count":0,"href":"https:\/\/sertv.gob.pa\/nacionalfm\/wp-json\/wp\/v2\/posts\/21005\/revisions"}],"wp:featuredmedia":[{"embeddable":true,"href":"https:\/\/sertv.gob.pa\/nacionalfm\/wp-json\/wp\/v2\/media\/21006"}],"wp:attachment":[{"href":"https:\/\/sertv.gob.pa\/nacionalfm\/wp-json\/wp\/v2\/media?parent=21005"}],"wp:term":[{"taxonomy":"category","embeddable":true,"href":"https:\/\/sertv.gob.pa\/nacionalfm\/wp-json\/wp\/v2\/categories?post=21005"},{"taxonomy":"post_tag","embeddable":true,"href":"https:\/\/sertv.gob.pa\/nacionalfm\/wp-json\/wp\/v2\/tags?post=21005"}],"curies":[{"name":"wp","href":"https:\/\/api.w.org\/{rel}","templated":true}]}}