{"id":21007,"date":"2017-06-06T21:58:39","date_gmt":"2017-06-06T21:58:39","guid":{"rendered":""},"modified":"2017-06-06T21:58:39","modified_gmt":"2017-06-06T21:58:39","slug":"amrit-herrera-y-el-cacique-pedroza-podrian-disputar-titulo-latino-de-la-fib","status":"publish","type":"post","link":"https:\/\/sertv.gob.pa\/nacionalfm\/amrit-herrera-y-el-cacique-pedroza-podrian-disputar-titulo-latino-de-la-fib\/","title":{"rendered":"Amrit Herrera y Pedroza podr\u00edan disputar t\u00edtulo Latino de la FIB"},"content":{"rendered":"<p>\nSeg\u00fan declaraciones del comisionado Carlos Enrique Salazar designado por la Federaci\u00f3n Internacional de Boxeo, representante de Panam\u00e1 y Centroam\u00e9rica ante el organismo, los paname\u00f1os Gilberto &ldquo;El Cacique&rdquo; Pedroza y el invicto p\u00fagil colonense Amrit &ldquo;Kun-Fu&rdquo; Herrera podr\u00edan disputarse el t\u00edtulo Latino de los minimoscas de la FIB. <\/p>\n<p>El comisionado Salazar dio a conocer a Nacional FM que sostuvo conversaciones con los promotores de G&#038;V Entertainment y Sparta Promotios.com para que el pr\u00f3ximo 30 de junio que se desarrolle la cartelera &ldquo;Mall and Boxing Night 3&rdquo;, ambos p\u00fagiles disputen dicho t\u00edtulo. <\/p>\n<p>Aclar\u00f3 Carlos Enrique Salazar que de pagar la sanci\u00f3n y llenar todos los requerimientos de la FIB esta disputa ser\u00e1 un hecho. <\/p>\n<p>Agreg\u00f3 el comisionado Salazar que desde su designaci\u00f3n recomend\u00f3 a los p\u00fagiles paname\u00f1os Jaime Arboleda, Alexander Dur\u00e1n para que sean clasificados en los superplumas y superligero respectivamente y de igual manera considera recomendar a Leroy &ldquo;El Sensacional&rdquo; Estrada, dada su gran presentaci\u00f3n recientemente ante el mexicano Sa\u00fal &ldquo;El Baby&rdquo; Ju\u00e1rez. <\/p>\n<p>Cabe destacar que hace 5 a\u00f1os luego de la muerte de Julio Shaick, Panam\u00e1 no contaba con representaci\u00f3n en la Federaci\u00f3n Internacional de Boxeo. <\/p>\n<p>\u00a0 <\/p>\n","protected":false},"excerpt":{"rendered":"<p>Seg\u00fan declaraciones del comisionado Carlos Enrique Salazar designado por la <a href=\"https:\/\/sertv.gob.pa\/nacionalfm\/amrit-herrera-y-el-cacique-pedroza-podrian-disputar-titulo-latino-de-la-fib\/\"> [&#8230;]<\/a><\/p>\n","protected":false},"author":1,"featured_media":21008,"comment_status":"closed","ping_status":"closed","sticky":false,"template":"","format":"standard","meta":{"footnotes":""},"categories":[4],"tags":[],"class_list":["post-21007","post","type-post","status-publish","format-standard","has-post-thumbnail","hentry","category-deportes"],"_links":{"self":[{"href":"https:\/\/sertv.gob.pa\/nacionalfm\/wp-json\/wp\/v2\/posts\/21007","targetHints":{"allow":["GET"]}}],"collection":[{"href":"https:\/\/sertv.gob.pa\/nacionalfm\/wp-json\/wp\/v2\/posts"}],"about":[{"href":"https:\/\/sertv.gob.pa\/nacionalfm\/wp-json\/wp\/v2\/types\/post"}],"author":[{"embeddable":true,"href":"https:\/\/sertv.gob.pa\/nacionalfm\/wp-json\/wp\/v2\/users\/1"}],"replies":[{"embeddable":true,"href":"https:\/\/sertv.gob.pa\/nacionalfm\/wp-json\/wp\/v2\/comments?post=21007"}],"version-history":[{"count":0,"href":"https:\/\/sertv.gob.pa\/nacionalfm\/wp-json\/wp\/v2\/posts\/21007\/revisions"}],"wp:featuredmedia":[{"embeddable":true,"href":"https:\/\/sertv.gob.pa\/nacionalfm\/wp-json\/wp\/v2\/media\/21008"}],"wp:attachment":[{"href":"https:\/\/sertv.gob.pa\/nacionalfm\/wp-json\/wp\/v2\/media?parent=21007"}],"wp:term":[{"taxonomy":"category","embeddable":true,"href":"https:\/\/sertv.gob.pa\/nacionalfm\/wp-json\/wp\/v2\/categories?post=21007"},{"taxonomy":"post_tag","embeddable":true,"href":"https:\/\/sertv.gob.pa\/nacionalfm\/wp-json\/wp\/v2\/tags?post=21007"}],"curies":[{"name":"wp","href":"https:\/\/api.w.org\/{rel}","templated":true}]}}