{"id":21029,"date":"2017-06-07T18:24:53","date_gmt":"2017-06-07T18:24:53","guid":{"rendered":""},"modified":"2017-06-07T18:24:53","modified_gmt":"2017-06-07T18:24:53","slug":"el-consumo-moderado-de-alcohol-tambien-dana-el-cerebro","status":"publish","type":"post","link":"https:\/\/sertv.gob.pa\/nacionalfm\/el-consumo-moderado-de-alcohol-tambien-dana-el-cerebro\/","title":{"rendered":"El consumo moderado de alcohol tambi\u00e9n da\u00f1a el cerebro"},"content":{"rendered":"<p>\nEl consumo excesivo de alcohol es un claro enemigo de la salud que provoca unas 3,3 millones de decesos al a\u00f1o y cumple un papel fundamental en m\u00e1s de 200 enfermedades, como el c\u00e1ncer, la cirrosis hep\u00e1tica o algunos tipos de demencia, seg\u00fan datos de la Organizaci\u00f3n Mundial de la Salud (OMS). Pero no hace falta abusar de la bebida para que los perjuicios sobre el organismo sean patentes, tal y como acaba de demostrar un estudio. <\/p>\n<p>Seg\u00fan sus datos, publicados en la revista cient\u00edfica  The British Medical Journal ,  la ingesta moderada de alcohol afecta negativamente al cerebro . Tanto la estructura como la funci\u00f3n cerebral se ven afectadas por el consumo de alcohol, aunque \u00e9ste no sea excesivo, se\u00f1ala el trabajo. El consumo moderado equivale a cuatro pintas de cerveza o cinco vasos de vino de 175 ml a la semana. <\/p>\n<p>Los cient\u00edficos, de la Universidad de Oxford (Reino Unido), llegaron a esta conclusi\u00f3n luego de realizar un  seguimiento durante 30 a\u00f1os a un grupo de 550 individuos  que participaban en un ensayo cl\u00ednico previo sobre la relaci\u00f3n entre el estatus socioecon\u00f3mico y la salud cardiovascular. <\/p>\n<p>\u00a0 <\/p>\n","protected":false},"excerpt":{"rendered":"<p>El consumo excesivo de alcohol es un claro enemigo de <a href=\"https:\/\/sertv.gob.pa\/nacionalfm\/el-consumo-moderado-de-alcohol-tambien-dana-el-cerebro\/\"> [&#8230;]<\/a><\/p>\n","protected":false},"author":1,"featured_media":21030,"comment_status":"closed","ping_status":"closed","sticky":false,"template":"","format":"standard","meta":{"footnotes":""},"categories":[5],"tags":[],"class_list":["post-21029","post","type-post","status-publish","format-standard","has-post-thumbnail","hentry","category-salud"],"_links":{"self":[{"href":"https:\/\/sertv.gob.pa\/nacionalfm\/wp-json\/wp\/v2\/posts\/21029","targetHints":{"allow":["GET"]}}],"collection":[{"href":"https:\/\/sertv.gob.pa\/nacionalfm\/wp-json\/wp\/v2\/posts"}],"about":[{"href":"https:\/\/sertv.gob.pa\/nacionalfm\/wp-json\/wp\/v2\/types\/post"}],"author":[{"embeddable":true,"href":"https:\/\/sertv.gob.pa\/nacionalfm\/wp-json\/wp\/v2\/users\/1"}],"replies":[{"embeddable":true,"href":"https:\/\/sertv.gob.pa\/nacionalfm\/wp-json\/wp\/v2\/comments?post=21029"}],"version-history":[{"count":0,"href":"https:\/\/sertv.gob.pa\/nacionalfm\/wp-json\/wp\/v2\/posts\/21029\/revisions"}],"wp:featuredmedia":[{"embeddable":true,"href":"https:\/\/sertv.gob.pa\/nacionalfm\/wp-json\/wp\/v2\/media\/21030"}],"wp:attachment":[{"href":"https:\/\/sertv.gob.pa\/nacionalfm\/wp-json\/wp\/v2\/media?parent=21029"}],"wp:term":[{"taxonomy":"category","embeddable":true,"href":"https:\/\/sertv.gob.pa\/nacionalfm\/wp-json\/wp\/v2\/categories?post=21029"},{"taxonomy":"post_tag","embeddable":true,"href":"https:\/\/sertv.gob.pa\/nacionalfm\/wp-json\/wp\/v2\/tags?post=21029"}],"curies":[{"name":"wp","href":"https:\/\/api.w.org\/{rel}","templated":true}]}}