{"id":21031,"date":"2017-06-07T18:36:57","date_gmt":"2017-06-07T18:36:57","guid":{"rendered":""},"modified":"2017-06-07T18:36:57","modified_gmt":"2017-06-07T18:36:57","slug":"lanzan-campana-de-sensibilizacion-sobre-el-vih","status":"publish","type":"post","link":"https:\/\/sertv.gob.pa\/nacionalfm\/lanzan-campana-de-sensibilizacion-sobre-el-vih\/","title":{"rendered":"Lanzan campa\u00f1a de sensibilizaci\u00f3n sobre el VIH"},"content":{"rendered":"<p>\nLas autoridades sanitarias de Panam\u00e1 lanzan hoy la campa\u00f1a \u00abPrueba que salvan vidas\u00bb, que busca sensibilizar a la poblaci\u00f3n sobre el VIH-sida. En el acto oficial de lanzamiento estar\u00e1 el ministro paname\u00f1o de Salud, Miguel Mayo, y otras autoridades sanitarias del pa\u00eds, adem\u00e1s de representantes de oeneg\u00e9s, de la Organizaci\u00f3n Panamericana de Salud y de ONUSIDA, entre otras. <\/p>\n<p>Las enfermedades por VIH-sida est\u00e1n entre las causas de muerte de la poblaci\u00f3n joven de Panam\u00e1, de acuerdo a un estudio oficial presentado a medidos de 2016 y que se efectu\u00f3 en base a datos estad\u00edsticos de 2013. Seg\u00fan el informe \u00abJuventud en cifras\u00bb, el 12,63 % de los fallecimientos de personas de entre 15 y 34 a\u00f1os registrados en 2013 fueron a causa de enfermedades por VIH. <\/p>\n<p>De acuerdo a datos de la asociaci\u00f3n Pro Bienestar y Dignidad de las Personas Afectadas por el VIH (Probidsida), en Panam\u00e1 hay alrededor de 14.000 casos de VIH, 10.000 de los cuales reciben tratamiento en los hospitales del sistema de salud p\u00fablica. <\/p>\n<p>La Organizaci\u00f3n Mundial de la Salud (OMS) estima que en 2014 hab\u00eda en Latinoam\u00e9rica cerca de 1,7 millones de personas seropositivas, 33.000 de las cuales eran ni\u00f1os, y que el 47 % de los mayores de 15 a\u00f1os ten\u00eda acceso a tratamiento antirretroviral. <\/p>\n<p>La primera dama de Panam\u00e1, Lorena Castillo, es embajadora de ONUSIDA para Am\u00e9rica Latina. <\/p>\n<p>\u00a0 <\/p>\n<p>\u00a0 <\/p>\n","protected":false},"excerpt":{"rendered":"<p>Las autoridades sanitarias de Panam\u00e1 lanzan hoy la campa\u00f1a \u00abPrueba <a href=\"https:\/\/sertv.gob.pa\/nacionalfm\/lanzan-campana-de-sensibilizacion-sobre-el-vih\/\"> [&#8230;]<\/a><\/p>\n","protected":false},"author":1,"featured_media":21032,"comment_status":"closed","ping_status":"closed","sticky":false,"template":"","format":"standard","meta":{"footnotes":""},"categories":[5],"tags":[],"class_list":["post-21031","post","type-post","status-publish","format-standard","has-post-thumbnail","hentry","category-salud"],"_links":{"self":[{"href":"https:\/\/sertv.gob.pa\/nacionalfm\/wp-json\/wp\/v2\/posts\/21031","targetHints":{"allow":["GET"]}}],"collection":[{"href":"https:\/\/sertv.gob.pa\/nacionalfm\/wp-json\/wp\/v2\/posts"}],"about":[{"href":"https:\/\/sertv.gob.pa\/nacionalfm\/wp-json\/wp\/v2\/types\/post"}],"author":[{"embeddable":true,"href":"https:\/\/sertv.gob.pa\/nacionalfm\/wp-json\/wp\/v2\/users\/1"}],"replies":[{"embeddable":true,"href":"https:\/\/sertv.gob.pa\/nacionalfm\/wp-json\/wp\/v2\/comments?post=21031"}],"version-history":[{"count":0,"href":"https:\/\/sertv.gob.pa\/nacionalfm\/wp-json\/wp\/v2\/posts\/21031\/revisions"}],"wp:featuredmedia":[{"embeddable":true,"href":"https:\/\/sertv.gob.pa\/nacionalfm\/wp-json\/wp\/v2\/media\/21032"}],"wp:attachment":[{"href":"https:\/\/sertv.gob.pa\/nacionalfm\/wp-json\/wp\/v2\/media?parent=21031"}],"wp:term":[{"taxonomy":"category","embeddable":true,"href":"https:\/\/sertv.gob.pa\/nacionalfm\/wp-json\/wp\/v2\/categories?post=21031"},{"taxonomy":"post_tag","embeddable":true,"href":"https:\/\/sertv.gob.pa\/nacionalfm\/wp-json\/wp\/v2\/tags?post=21031"}],"curies":[{"name":"wp","href":"https:\/\/api.w.org\/{rel}","templated":true}]}}