{"id":21039,"date":"2017-06-07T21:15:21","date_gmt":"2017-06-07T21:15:21","guid":{"rendered":""},"modified":"2017-06-07T21:15:21","modified_gmt":"2017-06-07T21:15:21","slug":"luis-saez-en-el-belmont-stakes-sobre-lomos-de-j-boys-echo","status":"publish","type":"post","link":"https:\/\/sertv.gob.pa\/nacionalfm\/luis-saez-en-el-belmont-stakes-sobre-lomos-de-j-boys-echo\/","title":{"rendered":"Luis S\u00e1ez en el Belmont Stakes sobre lomos de \u201cJ Boys Echo\u201d"},"content":{"rendered":"<p>\nEl jinete paname\u00f1o Luis S\u00e1ez saldr\u00e1 este s\u00e1bado 10 de junio en busca de ganar la versi\u00f3n del presente a\u00f1o del Belmont Stakes, luego que no se logra una victoria por fustas paname\u00f1os desde el a\u00f1o 2006, cuando Fernando Jara cruz\u00f3 la meta con el ejemplar &ldquo;Jazil&rdquo;. <\/p>\n<p>S\u00e1ez estar\u00e1 sobre los lomos del potro &ldquo;J boys Echo&rdquo; , equino que condujo en el Kentuky Derby, arribando en la XV Casilla <\/p>\n<p>&lsquo;J BOys Echo&#8217;, preparado por Dale Romans, gan\u00f3 el Gotha Stakes, pero finaliz\u00f3 en un decepcionante cuarto lugar en el Blue Grass. <\/p>\n<p>\u00a0 <\/p>\n","protected":false},"excerpt":{"rendered":"<p>El jinete paname\u00f1o Luis S\u00e1ez saldr\u00e1 este s\u00e1bado 10 de <a href=\"https:\/\/sertv.gob.pa\/nacionalfm\/luis-saez-en-el-belmont-stakes-sobre-lomos-de-j-boys-echo\/\"> [&#8230;]<\/a><\/p>\n","protected":false},"author":1,"featured_media":21040,"comment_status":"closed","ping_status":"closed","sticky":false,"template":"","format":"standard","meta":{"footnotes":""},"categories":[4],"tags":[],"class_list":["post-21039","post","type-post","status-publish","format-standard","has-post-thumbnail","hentry","category-deportes"],"_links":{"self":[{"href":"https:\/\/sertv.gob.pa\/nacionalfm\/wp-json\/wp\/v2\/posts\/21039","targetHints":{"allow":["GET"]}}],"collection":[{"href":"https:\/\/sertv.gob.pa\/nacionalfm\/wp-json\/wp\/v2\/posts"}],"about":[{"href":"https:\/\/sertv.gob.pa\/nacionalfm\/wp-json\/wp\/v2\/types\/post"}],"author":[{"embeddable":true,"href":"https:\/\/sertv.gob.pa\/nacionalfm\/wp-json\/wp\/v2\/users\/1"}],"replies":[{"embeddable":true,"href":"https:\/\/sertv.gob.pa\/nacionalfm\/wp-json\/wp\/v2\/comments?post=21039"}],"version-history":[{"count":0,"href":"https:\/\/sertv.gob.pa\/nacionalfm\/wp-json\/wp\/v2\/posts\/21039\/revisions"}],"wp:featuredmedia":[{"embeddable":true,"href":"https:\/\/sertv.gob.pa\/nacionalfm\/wp-json\/wp\/v2\/media\/21040"}],"wp:attachment":[{"href":"https:\/\/sertv.gob.pa\/nacionalfm\/wp-json\/wp\/v2\/media?parent=21039"}],"wp:term":[{"taxonomy":"category","embeddable":true,"href":"https:\/\/sertv.gob.pa\/nacionalfm\/wp-json\/wp\/v2\/categories?post=21039"},{"taxonomy":"post_tag","embeddable":true,"href":"https:\/\/sertv.gob.pa\/nacionalfm\/wp-json\/wp\/v2\/tags?post=21039"}],"curies":[{"name":"wp","href":"https:\/\/api.w.org\/{rel}","templated":true}]}}