{"id":21055,"date":"2017-06-08T15:21:54","date_gmt":"2017-06-08T15:21:54","guid":{"rendered":""},"modified":"2017-06-08T15:21:54","modified_gmt":"2017-06-08T15:21:54","slug":"organizan-partido-con-legendarias-figuras-del-futbol-de-panama-y-colombia","status":"publish","type":"post","link":"https:\/\/sertv.gob.pa\/nacionalfm\/organizan-partido-con-legendarias-figuras-del-futbol-de-panama-y-colombia\/","title":{"rendered":"Organizan partido con legendarias figuras del f\u00fatbol de Panam\u00e1 y Colombia"},"content":{"rendered":"<p>\nBajo la organizaci\u00f3n de la Fundaci\u00f3n Club Uni\u00f3n PANAFUT y la colaboraci\u00f3n del Instituto Paname\u00f1o de Deportes, se hizo el lanzamiento del partido ben\u00e9fico que escenificar\u00e1n el pr\u00f3ximo viernes 23 de julio en el estadio Maracan\u00e1 del Chorrillo, legendarias figuras del f\u00fatbol de Colombia y Panam\u00e1, el lanzamiento cont\u00f3 con la presencia del exmundialista colombiano Carlos &ldquo;El Pibe&rdquo; Valderrama. <\/p>\n<p>Los detalles de este evento se ofrecieron en conferencia de prensa, en que adem\u00e1s de &ldquo;El Pibe&rdquo; Valderrama y V\u00edctor Pacheco, quienes formar\u00e1n parte del elenco colombiano, tambi\u00e9n de Ren\u00e9 Mendieta y Ricardo &ldquo;Pat\u00f3n&rdquo; Phillips del combinado paname\u00f1o. Adem\u00e1s del Lic. Juan Jos\u00e9 Tu\u00f1\u00f3n S., Secretario General de PANDEPORTES y Edgar Montenegro, Presidente de la Fundaci\u00f3n Club Uni\u00f3n PANAFUT. <\/p>\n<p>Este partido programado para las 5 de la tarde servir\u00e1\u00a0 para recaudar fondos para las gestiones que desarrolla la\u00a0 entidad ben\u00e9fica para beneficiar principalmente con actividades deportivas y educativas a los ni\u00f1os de los sectores de Panam\u00e1 Viejo y Parque Lefevre, donde se encuentra desde hace un a\u00f1o su centro de operaci\u00f3n. <\/p>\n<p>Se destac\u00f3 que adem\u00e1s de &ldquo;El Pibe&rdquo; Valderrama y V\u00edctor Pacheco, el equipo colombiano lo conformar\u00e1n el portero Ren\u00e9 Higuita, Iv\u00e1n Ren\u00e9 Valenciano, Adolfo Valencia, emblem\u00e1ticos jugadores de los mundiales de 1990, 1994 y 1998. <\/p>\n<p>Igualmente se inform\u00f3 que el representativo paname\u00f1o estar\u00e1 bajo la direcci\u00f3n del t\u00e9cnico colombiano Sa\u00fal Su\u00e1rez, a quien se le rendir\u00e1 un homenaje por sus 30 a\u00f1os de contribuci\u00f3n al f\u00fatbol paname\u00f1o, entre ellos como\u00a0 timonel del seleccionado nacional. <\/p>\n","protected":false},"excerpt":{"rendered":"<p>Bajo la organizaci\u00f3n de la Fundaci\u00f3n Club Uni\u00f3n PANAFUT y <a href=\"https:\/\/sertv.gob.pa\/nacionalfm\/organizan-partido-con-legendarias-figuras-del-futbol-de-panama-y-colombia\/\"> [&#8230;]<\/a><\/p>\n","protected":false},"author":1,"featured_media":21056,"comment_status":"closed","ping_status":"closed","sticky":false,"template":"","format":"standard","meta":{"footnotes":""},"categories":[4],"tags":[],"class_list":["post-21055","post","type-post","status-publish","format-standard","has-post-thumbnail","hentry","category-deportes"],"_links":{"self":[{"href":"https:\/\/sertv.gob.pa\/nacionalfm\/wp-json\/wp\/v2\/posts\/21055","targetHints":{"allow":["GET"]}}],"collection":[{"href":"https:\/\/sertv.gob.pa\/nacionalfm\/wp-json\/wp\/v2\/posts"}],"about":[{"href":"https:\/\/sertv.gob.pa\/nacionalfm\/wp-json\/wp\/v2\/types\/post"}],"author":[{"embeddable":true,"href":"https:\/\/sertv.gob.pa\/nacionalfm\/wp-json\/wp\/v2\/users\/1"}],"replies":[{"embeddable":true,"href":"https:\/\/sertv.gob.pa\/nacionalfm\/wp-json\/wp\/v2\/comments?post=21055"}],"version-history":[{"count":0,"href":"https:\/\/sertv.gob.pa\/nacionalfm\/wp-json\/wp\/v2\/posts\/21055\/revisions"}],"wp:featuredmedia":[{"embeddable":true,"href":"https:\/\/sertv.gob.pa\/nacionalfm\/wp-json\/wp\/v2\/media\/21056"}],"wp:attachment":[{"href":"https:\/\/sertv.gob.pa\/nacionalfm\/wp-json\/wp\/v2\/media?parent=21055"}],"wp:term":[{"taxonomy":"category","embeddable":true,"href":"https:\/\/sertv.gob.pa\/nacionalfm\/wp-json\/wp\/v2\/categories?post=21055"},{"taxonomy":"post_tag","embeddable":true,"href":"https:\/\/sertv.gob.pa\/nacionalfm\/wp-json\/wp\/v2\/tags?post=21055"}],"curies":[{"name":"wp","href":"https:\/\/api.w.org\/{rel}","templated":true}]}}