{"id":21059,"date":"2017-06-08T15:37:11","date_gmt":"2017-06-08T15:37:11","guid":{"rendered":""},"modified":"2017-06-08T15:37:11","modified_gmt":"2017-06-08T15:37:11","slug":"presidente-de-la-amb-invitado-a-lanzamiento-de-marca-klitschko","status":"publish","type":"post","link":"https:\/\/sertv.gob.pa\/nacionalfm\/presidente-de-la-amb-invitado-a-lanzamiento-de-marca-klitschko\/","title":{"rendered":"Presidente de la AMB invitado a lanzamiento de marca Klitschko"},"content":{"rendered":"<p>\nEl presidente de la Asociaci\u00f3n Mundial de Boxeo Gilberto Jes\u00fas Mendoza, fue invitado especial de Wladimir Klitschko para el relanzamiento de su marca Klitschko Code, evento que se realiz\u00f3 el mi\u00e9rcoles 7 de junio en Hamburgo, Alemania. <\/p>\n<p>Klitschko realiz\u00f3 una gran presentaci\u00f3n en la que destac\u00f3 su visi\u00f3n sobre los negocios y c\u00f3mo fusionar todas sus ideas y proyectos en un solo concepto que sea exitoso. Todo esto basado en el conocimiento. <\/p>\n<p>Ahora sus empresas que abarcan desde el \u00e1rea hotelera hasta la deportiva trabajar\u00e1n con un s\u00f3lo sello, el del apellido Klitschko, que es sin\u00f3nimo de \u00e9xito.\u00a0 <\/p>\n<p>\u00a0 <\/p>\n","protected":false},"excerpt":{"rendered":"<p>El presidente de la Asociaci\u00f3n Mundial de Boxeo Gilberto Jes\u00fas <a href=\"https:\/\/sertv.gob.pa\/nacionalfm\/presidente-de-la-amb-invitado-a-lanzamiento-de-marca-klitschko\/\"> [&#8230;]<\/a><\/p>\n","protected":false},"author":1,"featured_media":21060,"comment_status":"closed","ping_status":"closed","sticky":false,"template":"","format":"standard","meta":{"footnotes":""},"categories":[4],"tags":[],"class_list":["post-21059","post","type-post","status-publish","format-standard","has-post-thumbnail","hentry","category-deportes"],"_links":{"self":[{"href":"https:\/\/sertv.gob.pa\/nacionalfm\/wp-json\/wp\/v2\/posts\/21059","targetHints":{"allow":["GET"]}}],"collection":[{"href":"https:\/\/sertv.gob.pa\/nacionalfm\/wp-json\/wp\/v2\/posts"}],"about":[{"href":"https:\/\/sertv.gob.pa\/nacionalfm\/wp-json\/wp\/v2\/types\/post"}],"author":[{"embeddable":true,"href":"https:\/\/sertv.gob.pa\/nacionalfm\/wp-json\/wp\/v2\/users\/1"}],"replies":[{"embeddable":true,"href":"https:\/\/sertv.gob.pa\/nacionalfm\/wp-json\/wp\/v2\/comments?post=21059"}],"version-history":[{"count":0,"href":"https:\/\/sertv.gob.pa\/nacionalfm\/wp-json\/wp\/v2\/posts\/21059\/revisions"}],"wp:featuredmedia":[{"embeddable":true,"href":"https:\/\/sertv.gob.pa\/nacionalfm\/wp-json\/wp\/v2\/media\/21060"}],"wp:attachment":[{"href":"https:\/\/sertv.gob.pa\/nacionalfm\/wp-json\/wp\/v2\/media?parent=21059"}],"wp:term":[{"taxonomy":"category","embeddable":true,"href":"https:\/\/sertv.gob.pa\/nacionalfm\/wp-json\/wp\/v2\/categories?post=21059"},{"taxonomy":"post_tag","embeddable":true,"href":"https:\/\/sertv.gob.pa\/nacionalfm\/wp-json\/wp\/v2\/tags?post=21059"}],"curies":[{"name":"wp","href":"https:\/\/api.w.org\/{rel}","templated":true}]}}