{"id":21061,"date":"2017-06-08T15:57:49","date_gmt":"2017-06-08T15:57:49","guid":{"rendered":""},"modified":"2017-06-08T15:57:49","modified_gmt":"2017-06-08T15:57:49","slug":"bolillo-gomez-revela-parte-de-su-alineacion-ante-costa-rica-hoy","status":"publish","type":"post","link":"https:\/\/sertv.gob.pa\/nacionalfm\/bolillo-gomez-revela-parte-de-su-alineacion-ante-costa-rica-hoy\/","title":{"rendered":"\u201cBolillo\u201d G\u00f3mez revela su alineaci\u00f3n para Costa Rica hoy"},"content":{"rendered":"<p>\n El director t\u00e9cnico del Seleccionado Nacional de F\u00fatbol Hern\u00e1n Dar\u00edo &ldquo;El Bolillo&rdquo; G\u00f3mez revel\u00f3 en San Jos\u00e9, Costa Rica parte de la alineaci\u00f3n previo al encuentro de esta noche a las 8:00 p.m. ante Costa Rica.  <\/p>\n<p> Jaime Penedo en la porter\u00eda, Adolfo Machado, Rom\u00e1n Torres, Fidel Escobar, Luis Ovalle; Gabriel G\u00f3mez, Anibal Godoy, Armando Cooper, Alberto Quintero; Ismael D\u00edaz y Luis Tejada, estar\u00e1n en el rect\u00e1ngulo verde por Panam\u00e1  <\/p>\n<p> Con esos once hombres, los canaleros intentar\u00e1n rescatar algo m\u00e1s que un punto en el Estadio Nacional, pues en criterio de G\u00f3mez la eliminatoria est\u00e1 muy re\u00f1ida.  <\/p>\n","protected":false},"excerpt":{"rendered":"<p>El director t\u00e9cnico del Seleccionado Nacional de F\u00fatbol Hern\u00e1n Dar\u00edo <a href=\"https:\/\/sertv.gob.pa\/nacionalfm\/bolillo-gomez-revela-parte-de-su-alineacion-ante-costa-rica-hoy\/\"> [&#8230;]<\/a><\/p>\n","protected":false},"author":1,"featured_media":21062,"comment_status":"closed","ping_status":"closed","sticky":false,"template":"","format":"standard","meta":{"footnotes":""},"categories":[4],"tags":[],"class_list":["post-21061","post","type-post","status-publish","format-standard","has-post-thumbnail","hentry","category-deportes"],"_links":{"self":[{"href":"https:\/\/sertv.gob.pa\/nacionalfm\/wp-json\/wp\/v2\/posts\/21061","targetHints":{"allow":["GET"]}}],"collection":[{"href":"https:\/\/sertv.gob.pa\/nacionalfm\/wp-json\/wp\/v2\/posts"}],"about":[{"href":"https:\/\/sertv.gob.pa\/nacionalfm\/wp-json\/wp\/v2\/types\/post"}],"author":[{"embeddable":true,"href":"https:\/\/sertv.gob.pa\/nacionalfm\/wp-json\/wp\/v2\/users\/1"}],"replies":[{"embeddable":true,"href":"https:\/\/sertv.gob.pa\/nacionalfm\/wp-json\/wp\/v2\/comments?post=21061"}],"version-history":[{"count":0,"href":"https:\/\/sertv.gob.pa\/nacionalfm\/wp-json\/wp\/v2\/posts\/21061\/revisions"}],"wp:featuredmedia":[{"embeddable":true,"href":"https:\/\/sertv.gob.pa\/nacionalfm\/wp-json\/wp\/v2\/media\/21062"}],"wp:attachment":[{"href":"https:\/\/sertv.gob.pa\/nacionalfm\/wp-json\/wp\/v2\/media?parent=21061"}],"wp:term":[{"taxonomy":"category","embeddable":true,"href":"https:\/\/sertv.gob.pa\/nacionalfm\/wp-json\/wp\/v2\/categories?post=21061"},{"taxonomy":"post_tag","embeddable":true,"href":"https:\/\/sertv.gob.pa\/nacionalfm\/wp-json\/wp\/v2\/tags?post=21061"}],"curies":[{"name":"wp","href":"https:\/\/api.w.org\/{rel}","templated":true}]}}