{"id":21069,"date":"2017-06-08T18:59:53","date_gmt":"2017-06-08T18:59:53","guid":{"rendered":""},"modified":"2017-06-08T18:59:53","modified_gmt":"2017-06-08T18:59:53","slug":"el-autismo-en-bebes-se-puede-detectar-con-ayuda-de-neuroimagen","status":"publish","type":"post","link":"https:\/\/sertv.gob.pa\/nacionalfm\/el-autismo-en-bebes-se-puede-detectar-con-ayuda-de-neuroimagen\/","title":{"rendered":"El autismo en beb\u00e9s se puede detectar con ayuda de neuroimagen"},"content":{"rendered":"<p>\nLas pruebas de neuroimagen en beb\u00e9s de 6 meses pueden ayudar a detectar los trastornos del espectro del autista (TEA), seg\u00fan un estudio publicado en la revista especializada Science Translational Medicine. <\/p>\n<p>La investigaci\u00f3n, efectuada por expertos de dos instituciones de EE.UU. (la Universidad de Carolina del Norte y la Escuela de Medicina de la Universidad de Washington en San Luis, en Misuri), se centr\u00f3 en el examen del cerebro de 59 ni\u00f1os con un riesgo alto de autismo. <\/p>\n<p>Mediante la t\u00e9cnica de imagen de resonancia magn\u00e9tica funcional (RMF), los cient\u00edficos recopilaron datos sobre 26.335 pares de conexiones funcionales entre 230 regiones cerebrales diferentes mientras los beb\u00e9s dorm\u00edan. <\/p>\n<p>De estos ni\u00f1os, 11 fueron diagnosticados con autismo a los 24 meses de edad, lo que permiti\u00f3 a los investigadores aplicar algoritmos de aprendizaje autom\u00e1tico para analizar los patrones cerebrales espec\u00edficos, que predijeron correctamente 9 de estos diagn\u00f3sticos sin falsos positivos. <\/p>\n<p>La neuroimagen funcional permite cuantificar la activaci\u00f3n, el metabolismo y la perfusi\u00f3n (alimentaci\u00f3n de las c\u00e9lulas con ox\u00edgeno y nutrientes) de las diferentes \u00e1reas cerebrales, adem\u00e1s de la evaluaci\u00f3n de la din\u00e1mica de los distintos neurotransmisores y la acumulaci\u00f3n regional de varias prote\u00ednas. <\/p>\n<p>Se estima que uno de cada 68 ni\u00f1os de todo el mundo se ve afectado por el TEA, que incluye un amplio grupo de trastornos del desarrollo neurol\u00f3gico que a menudo ocasionan problemas continuos de comunicaci\u00f3n, conductas repetitivas y otros s\u00edntomas que afectan la capacidad social. <\/p>\n<p>Los cient\u00edficos aseguraron que es necesaria m\u00e1s investigaci\u00f3n para determinar si se aplica a los beb\u00e9s sin un alto riesgo gen\u00e9tico, pero estos hallazgos pueden suponer un primer paso hacia las medidas de detecci\u00f3n precoz de autismo. <\/p>\n<p>Esta detecci\u00f3n temprana, junto con las intervenciones conductuales, podr\u00edan mejorar significativamente la calidad de vida de las personas con TEA, aunque la totalidad de los s\u00edntomas de conducta t\u00edpicamente no aparecen hasta que los ni\u00f1os tienen dos a\u00f1os o m\u00e1s.\u00a0 <\/p>\n","protected":false},"excerpt":{"rendered":"<p>Las pruebas de neuroimagen en beb\u00e9s de 6 meses pueden <a href=\"https:\/\/sertv.gob.pa\/nacionalfm\/el-autismo-en-bebes-se-puede-detectar-con-ayuda-de-neuroimagen\/\"> [&#8230;]<\/a><\/p>\n","protected":false},"author":1,"featured_media":21070,"comment_status":"closed","ping_status":"closed","sticky":false,"template":"","format":"standard","meta":{"footnotes":""},"categories":[5],"tags":[],"class_list":["post-21069","post","type-post","status-publish","format-standard","has-post-thumbnail","hentry","category-salud"],"_links":{"self":[{"href":"https:\/\/sertv.gob.pa\/nacionalfm\/wp-json\/wp\/v2\/posts\/21069","targetHints":{"allow":["GET"]}}],"collection":[{"href":"https:\/\/sertv.gob.pa\/nacionalfm\/wp-json\/wp\/v2\/posts"}],"about":[{"href":"https:\/\/sertv.gob.pa\/nacionalfm\/wp-json\/wp\/v2\/types\/post"}],"author":[{"embeddable":true,"href":"https:\/\/sertv.gob.pa\/nacionalfm\/wp-json\/wp\/v2\/users\/1"}],"replies":[{"embeddable":true,"href":"https:\/\/sertv.gob.pa\/nacionalfm\/wp-json\/wp\/v2\/comments?post=21069"}],"version-history":[{"count":0,"href":"https:\/\/sertv.gob.pa\/nacionalfm\/wp-json\/wp\/v2\/posts\/21069\/revisions"}],"wp:featuredmedia":[{"embeddable":true,"href":"https:\/\/sertv.gob.pa\/nacionalfm\/wp-json\/wp\/v2\/media\/21070"}],"wp:attachment":[{"href":"https:\/\/sertv.gob.pa\/nacionalfm\/wp-json\/wp\/v2\/media?parent=21069"}],"wp:term":[{"taxonomy":"category","embeddable":true,"href":"https:\/\/sertv.gob.pa\/nacionalfm\/wp-json\/wp\/v2\/categories?post=21069"},{"taxonomy":"post_tag","embeddable":true,"href":"https:\/\/sertv.gob.pa\/nacionalfm\/wp-json\/wp\/v2\/tags?post=21069"}],"curies":[{"name":"wp","href":"https:\/\/api.w.org\/{rel}","templated":true}]}}