{"id":21095,"date":"2017-06-09T17:56:33","date_gmt":"2017-06-09T17:56:33","guid":{"rendered":""},"modified":"2017-06-09T17:56:33","modified_gmt":"2017-06-09T17:56:33","slug":"hector-roca-gloria-nacional-del-ciclismo-y-del-boxeo-nos-visita","status":"publish","type":"post","link":"https:\/\/sertv.gob.pa\/nacionalfm\/hector-roca-gloria-nacional-del-ciclismo-y-del-boxeo-nos-visita\/","title":{"rendered":"H\u00e9ctor Roca gloria nacional del ciclismo y del boxeo nos visita"},"content":{"rendered":"<p>\nH\u00e9ctor Roca gloria nacional del ciclismo quien nos represent\u00f3 en esta disciplina en los Juegos Centroamericanos y del Caribe de 1970, y destacado entrenador en los Estados Unidos, nos visita. <\/p>\n<p>Roca como siempre vino a Panam\u00e1 a visitar a sus familiares y aprovech\u00f3 la oportunidad para aceptar una oferta de entrenar en nuestro pa\u00eds a un p\u00fagil jamaiquino que se inicia en el boxeo. <\/p>\n<p>Roca en conversaci\u00f3n con Nacional FM en exclusiva record\u00f3 que se inicia en el boxeo acompa\u00f1ando en sus combates al &ldquo;Rel\u00e1mpago Colonense&rdquo; Antonio &ldquo;El Buch\u00ed&rdquo; Amaya, a quien manifest\u00f3 tratar\u00e1 de recuperarlo a la sociedad por su adicci\u00f3n al alcohol. <\/p>\n<p>Roca ha entrenado en los Estados Unidos a 19 campeones mundiales entre ellos Arturo Gatty y a Iram Barkley. <\/p>\n<p>\u00a0 <\/p>\n","protected":false},"excerpt":{"rendered":"<p>H\u00e9ctor Roca gloria nacional del ciclismo quien nos represent\u00f3 en <a href=\"https:\/\/sertv.gob.pa\/nacionalfm\/hector-roca-gloria-nacional-del-ciclismo-y-del-boxeo-nos-visita\/\"> [&#8230;]<\/a><\/p>\n","protected":false},"author":1,"featured_media":21096,"comment_status":"closed","ping_status":"closed","sticky":false,"template":"","format":"standard","meta":{"footnotes":""},"categories":[4],"tags":[],"class_list":["post-21095","post","type-post","status-publish","format-standard","has-post-thumbnail","hentry","category-deportes"],"_links":{"self":[{"href":"https:\/\/sertv.gob.pa\/nacionalfm\/wp-json\/wp\/v2\/posts\/21095","targetHints":{"allow":["GET"]}}],"collection":[{"href":"https:\/\/sertv.gob.pa\/nacionalfm\/wp-json\/wp\/v2\/posts"}],"about":[{"href":"https:\/\/sertv.gob.pa\/nacionalfm\/wp-json\/wp\/v2\/types\/post"}],"author":[{"embeddable":true,"href":"https:\/\/sertv.gob.pa\/nacionalfm\/wp-json\/wp\/v2\/users\/1"}],"replies":[{"embeddable":true,"href":"https:\/\/sertv.gob.pa\/nacionalfm\/wp-json\/wp\/v2\/comments?post=21095"}],"version-history":[{"count":0,"href":"https:\/\/sertv.gob.pa\/nacionalfm\/wp-json\/wp\/v2\/posts\/21095\/revisions"}],"wp:featuredmedia":[{"embeddable":true,"href":"https:\/\/sertv.gob.pa\/nacionalfm\/wp-json\/wp\/v2\/media\/21096"}],"wp:attachment":[{"href":"https:\/\/sertv.gob.pa\/nacionalfm\/wp-json\/wp\/v2\/media?parent=21095"}],"wp:term":[{"taxonomy":"category","embeddable":true,"href":"https:\/\/sertv.gob.pa\/nacionalfm\/wp-json\/wp\/v2\/categories?post=21095"},{"taxonomy":"post_tag","embeddable":true,"href":"https:\/\/sertv.gob.pa\/nacionalfm\/wp-json\/wp\/v2\/tags?post=21095"}],"curies":[{"name":"wp","href":"https:\/\/api.w.org\/{rel}","templated":true}]}}