{"id":21103,"date":"2017-06-09T18:31:38","date_gmt":"2017-06-09T18:31:38","guid":{"rendered":""},"modified":"2017-06-09T18:31:38","modified_gmt":"2017-06-09T18:31:38","slug":"fibromialgia-enfermedad-cronica-y-desconocida","status":"publish","type":"post","link":"https:\/\/sertv.gob.pa\/nacionalfm\/fibromialgia-enfermedad-cronica-y-desconocida\/","title":{"rendered":"\u201cFibromialgia\u201d, enfermedad cr\u00f3nica y desconocida"},"content":{"rendered":"<p>\nEs muy notable que a medida que pasan los a\u00f1os la salud de las personas desmejora y por distintas causas. Muy a pesar de que la ciencia y la tecnolog\u00eda est\u00e1n en constante evoluci\u00f3n a los m\u00e9dicos muchas veces se les hace dif\u00edcil diagnosticar y encontrar \u00a0la cura para una enfermedad. <\/p>\n<p>La fibromialgia es una de esas dolencias de origen desconocido y se caracteriza por un cuadro de dolor m\u00fasculo esquel\u00e9tico cr\u00f3nico y generalizado, en el que no existen otras enfermedades o alteraciones que lo expliquen. <\/p>\n<p>El reumat\u00f3logo, Luis Brenes, explica que es una enfermedad muy prevalente en las mujeres. &lsquo;El 90% de las pacientes presentan cuadros de fibromialgia de los 40 a\u00f1os en adelante, pero igualmente se puede presentar a cualquier edad en ambos sexos&#8217;. <\/p>\n<p>Brenes afirma que esta dolencia se caracteriza a trav\u00e9s de dos condiciones: hiperalgesia (estado de sensibilidad excesiva al dolor, que sucede luego de una lesi\u00f3n y puede persistir de forma cr\u00f3nica) y alodinia, una percepci\u00f3n anormal del dolor que hace que est\u00edmulos que normalmente son indoloros e incluso placenteros resulten muy desagradables, como un abrazo, incluso hasta las gotas de agua que rozan la piel cuando la persona se ba\u00f1a. <\/p>\n<p>El doctor Brenes explica que el principal tratamiento para esta condici\u00f3n es responsabilidad total del paciente. <\/p>\n<p>&lsquo;El paciente tiene que hacer cambios en su estilo de vida, ya que, esos cambios influyen en el pron\u00f3stico y evoluci\u00f3n de la enfermedad. La actividad f\u00edsica regulada es el primer tratamiento para la fibromialgia, con ella el cuerpo mejora la tolerancia al dolor ya que libera endorfinas que ayudan a mejorar la parte an\u00edmica de la persona&#8217;. Otro requerimiento es siempre llevar una dieta balanceada con los nutrientes necesarios. <\/p>\n<p>El galeno sugiere tambi\u00e9n otras maneras de tratar esta enfermedad, utilizando medicamentos neuromoduladores; sin embargo, asegura que el tratamiento es muy complejo, ya que es una dolencia que no se resuelve con analg\u00e9sicos o anti-inflamatorios puesto que no existe una inflamaci\u00f3n como tal; adem\u00e1s, el efecto aliviador que producir\u00eda dicho f\u00e1rmaco es limitado. <\/p>\n<p>La fibromialgia se asocia con trastornos del sue\u00f1o, dolores de cabeza, migra\u00f1as, dolor en las articulaciones, insomnio, rigidez, fatiga y depresi\u00f3n, en fin un complejo de manifestaciones que se asocian al dolor del cual no se encuentra una explicaci\u00f3n org\u00e1nica o estructural. &lsquo;La enfermedad b\u00e1sicamente est\u00e1 solo en el cerebro&#8217;, asegura Brenes. <\/p>\n<p>El m\u00e9dico detalla que la posible causa recae en el estr\u00e9s ya sea por perturbaciones o por asuntos personales como violencia dom\u00e9stica, abuso sexual, otras enfermedades, es decir, alg\u00fan problema que genere estr\u00e9s desencadena la fibromialgia. <\/p>\n<p>\u00a0 <\/p>\n","protected":false},"excerpt":{"rendered":"<p>Es muy notable que a medida que pasan los a\u00f1os <a href=\"https:\/\/sertv.gob.pa\/nacionalfm\/fibromialgia-enfermedad-cronica-y-desconocida\/\"> [&#8230;]<\/a><\/p>\n","protected":false},"author":1,"featured_media":21104,"comment_status":"closed","ping_status":"closed","sticky":false,"template":"","format":"standard","meta":{"footnotes":""},"categories":[5],"tags":[],"class_list":["post-21103","post","type-post","status-publish","format-standard","has-post-thumbnail","hentry","category-salud"],"_links":{"self":[{"href":"https:\/\/sertv.gob.pa\/nacionalfm\/wp-json\/wp\/v2\/posts\/21103","targetHints":{"allow":["GET"]}}],"collection":[{"href":"https:\/\/sertv.gob.pa\/nacionalfm\/wp-json\/wp\/v2\/posts"}],"about":[{"href":"https:\/\/sertv.gob.pa\/nacionalfm\/wp-json\/wp\/v2\/types\/post"}],"author":[{"embeddable":true,"href":"https:\/\/sertv.gob.pa\/nacionalfm\/wp-json\/wp\/v2\/users\/1"}],"replies":[{"embeddable":true,"href":"https:\/\/sertv.gob.pa\/nacionalfm\/wp-json\/wp\/v2\/comments?post=21103"}],"version-history":[{"count":0,"href":"https:\/\/sertv.gob.pa\/nacionalfm\/wp-json\/wp\/v2\/posts\/21103\/revisions"}],"wp:featuredmedia":[{"embeddable":true,"href":"https:\/\/sertv.gob.pa\/nacionalfm\/wp-json\/wp\/v2\/media\/21104"}],"wp:attachment":[{"href":"https:\/\/sertv.gob.pa\/nacionalfm\/wp-json\/wp\/v2\/media?parent=21103"}],"wp:term":[{"taxonomy":"category","embeddable":true,"href":"https:\/\/sertv.gob.pa\/nacionalfm\/wp-json\/wp\/v2\/categories?post=21103"},{"taxonomy":"post_tag","embeddable":true,"href":"https:\/\/sertv.gob.pa\/nacionalfm\/wp-json\/wp\/v2\/tags?post=21103"}],"curies":[{"name":"wp","href":"https:\/\/api.w.org\/{rel}","templated":true}]}}