{"id":21107,"date":"2017-06-09T19:16:37","date_gmt":"2017-06-09T19:16:37","guid":{"rendered":""},"modified":"2017-06-09T19:16:37","modified_gmt":"2017-06-09T19:16:37","slug":"federacion-panamena-de-baloncesto-y-udelas-firman-convenio","status":"publish","type":"post","link":"https:\/\/sertv.gob.pa\/nacionalfm\/federacion-panamena-de-baloncesto-y-udelas-firman-convenio\/","title":{"rendered":"Federaci\u00f3n Paname\u00f1a de Baloncesto y UDELAS firman convenio"},"content":{"rendered":"<p>\nLa Federaci\u00f3n Paname\u00f1a de Baloncesto firm\u00f3 un convenio con la Universidad Especializada de las Am\u00e9ricas (UDELAS), con el fin de apoyar a los estudiantes, de las carreras de ciencia de la Actividad F\u00edsica el deporte y la recreaci\u00f3n. <\/p>\n<p>Este acercamiento, entre ambas entidades, buscar abrir espacios para que los Udelistas,\u00a0 realicen \u00a0sus pr\u00e1cticas en los proyecto deportivos \u00a0que esta ejecute. Adem\u00e1s\u00a0 de desarrollar\u00a0 ofertas acad\u00e9micas de nivel t\u00e9cnico, pregrado y postgrado, para los alumnos y administrativos seleccionados por la federaci\u00f3n. <\/p>\n<p>FEBAPA, por su parte, dictara cursos y cl\u00ednicas a los estudiantes de la UDELAS, y facilitara el personal T\u00e9cnico\u00a0 para el desarrollo de actividades y preparaci\u00f3n de atletas en las disciplinas en las que esta casa de estudios tenga inter\u00e9s. <\/p>\n<p>Jair Peralta, presidente de la FEBAPA,\u00a0 destac\u00f3 la importancia de este tipo de acercamiento entre el deporte y la academia, con el fin de\u00a0 reforzar de \u00a0manera integral\u00a0 los conocimientos de nuestros atletas. <\/p>\n<p>El Doctor, Juan Bosco Bernal, rector de la Udelas, manifest\u00f3 complacencia por el trabajo logrado mediante el Instituto de Salud F\u00edsica y Deportiva (INSAFIDE ) y su directora ,Doctora, Graciela Ambulo,\u00a0 quien fue el motor que impulso la firma de este convenio. <\/p>\n<p>Posterior a la firma se pact\u00f3 un encuentro amistoso de baloncesto entre la UDELAS y los miembros de FEBAPA como s\u00edmbolo de uni\u00f3n. <\/p>\n<p>\u00a0 <\/p>\n","protected":false},"excerpt":{"rendered":"<p>La Federaci\u00f3n Paname\u00f1a de Baloncesto firm\u00f3 un convenio con la <a href=\"https:\/\/sertv.gob.pa\/nacionalfm\/federacion-panamena-de-baloncesto-y-udelas-firman-convenio\/\"> [&#8230;]<\/a><\/p>\n","protected":false},"author":1,"featured_media":21108,"comment_status":"closed","ping_status":"closed","sticky":false,"template":"","format":"standard","meta":{"footnotes":""},"categories":[4],"tags":[],"class_list":["post-21107","post","type-post","status-publish","format-standard","has-post-thumbnail","hentry","category-deportes"],"_links":{"self":[{"href":"https:\/\/sertv.gob.pa\/nacionalfm\/wp-json\/wp\/v2\/posts\/21107","targetHints":{"allow":["GET"]}}],"collection":[{"href":"https:\/\/sertv.gob.pa\/nacionalfm\/wp-json\/wp\/v2\/posts"}],"about":[{"href":"https:\/\/sertv.gob.pa\/nacionalfm\/wp-json\/wp\/v2\/types\/post"}],"author":[{"embeddable":true,"href":"https:\/\/sertv.gob.pa\/nacionalfm\/wp-json\/wp\/v2\/users\/1"}],"replies":[{"embeddable":true,"href":"https:\/\/sertv.gob.pa\/nacionalfm\/wp-json\/wp\/v2\/comments?post=21107"}],"version-history":[{"count":0,"href":"https:\/\/sertv.gob.pa\/nacionalfm\/wp-json\/wp\/v2\/posts\/21107\/revisions"}],"wp:featuredmedia":[{"embeddable":true,"href":"https:\/\/sertv.gob.pa\/nacionalfm\/wp-json\/wp\/v2\/media\/21108"}],"wp:attachment":[{"href":"https:\/\/sertv.gob.pa\/nacionalfm\/wp-json\/wp\/v2\/media?parent=21107"}],"wp:term":[{"taxonomy":"category","embeddable":true,"href":"https:\/\/sertv.gob.pa\/nacionalfm\/wp-json\/wp\/v2\/categories?post=21107"},{"taxonomy":"post_tag","embeddable":true,"href":"https:\/\/sertv.gob.pa\/nacionalfm\/wp-json\/wp\/v2\/tags?post=21107"}],"curies":[{"name":"wp","href":"https:\/\/api.w.org\/{rel}","templated":true}]}}