{"id":21125,"date":"2017-06-12T15:33:42","date_gmt":"2017-06-12T15:33:42","guid":{"rendered":""},"modified":"2017-06-12T15:33:42","modified_gmt":"2017-06-12T15:33:42","slug":"realizan-i-campeonato-panamericano-de-coleo-en-terrenos-de-tanara","status":"publish","type":"post","link":"https:\/\/sertv.gob.pa\/nacionalfm\/realizan-i-campeonato-panamericano-de-coleo-en-terrenos-de-tanara\/","title":{"rendered":"Realizan I Campeonato Panamericano de Coleo en terrenos de Tanara"},"content":{"rendered":"<p>\nEl pasado fin de semana se llev\u00f3 a cabo en los terrenos de Tanara, Chepo, el I Campeonato PANAMERICANO de Coleo, organizado por la Asociaci\u00f3n Paname\u00f1a de Coleo. <\/p>\n<p>Es el primer evento realizado en Panam\u00e1 avalado por la Confederaci\u00f3n Panamericano de Coleo (CONPACOL), en el cual entre 10 pa\u00edses midieron destrezas, fuerzas y t\u00e1cticas del campesino ganadero en el deporte del coleo, en lo que Panam\u00e1 buscaba conseguir una posici\u00f3n entre los mejores del continente americano. <\/p>\n<p>Los pa\u00edses participantes fueron Brasil, Colombia, Costa Rica, Cuba, Estados Unidos, M\u00e9xico, Nicaragua, Uruguay, Venezuela y los de casa Panam\u00e1. <\/p>\n<p>Fueron dos d\u00edas en los que los deportistas compitieron individualmente en el cual el primer d\u00eda, los coleadores paname\u00f1os y extranjeros acumularon puntajes para clasificar entre los 50 mejores deportistas que entraron en la gran final que se realiz\u00f3 en la segunda fecha. Para la clasificaci\u00f3n de las mujeres, tambi\u00e9n fue basado en puntajes y fueron 15 competidoras las seleccionadas. Ya una vez llegados a la final sus puntajes reiniciaron desde cero para entonces seleccionar al campe\u00f3n masculino y femenino. <\/p>\n<p>El Primer Lugar se qued\u00f3 en el suelo patrio y fue para Edwin &ldquo;Papol&rdquo; Medina, de Santo Domingo de Las Tablas, el sub-campe\u00f3n, tambi\u00e9n paname\u00f1o, Yunier Gonzalez del Club Coraz\u00f3n Llanero Panam\u00e1, \u00a0la tercera posici\u00f3n fue para Edison Gallardo del Club El L\u00e1tigo, Daniel Dur\u00e1n del Club de Coleo Coraz\u00f3n Llanero se coloc\u00f3 en la cuarta casilla, en el quinto lugar estuvo representado por el Venezolano Jes\u00fas Aguilera y \u00a0el sexto fue para Jos\u00e9 Vergara del Club Coraz\u00f3n Llanero Panam\u00e1. <\/p>\n<p>De la categor\u00eda femenina, mencionamos a Gilma Ja\u00e9n del Club de Coleo Las Indomables Panam\u00e1, como la que recibi\u00f3 el primer lugar; quien la sigui\u00f3 de segunda fue Navi Salazar del Club de Coleo Las Estrellas y Adriana Alfonso del Club de Coleo Las Indomables. <\/p>\n<p>\u00a0 <\/p>\n","protected":false},"excerpt":{"rendered":"<p>El pasado fin de semana se llev\u00f3 a cabo en <a href=\"https:\/\/sertv.gob.pa\/nacionalfm\/realizan-i-campeonato-panamericano-de-coleo-en-terrenos-de-tanara\/\"> [&#8230;]<\/a><\/p>\n","protected":false},"author":1,"featured_media":21126,"comment_status":"closed","ping_status":"closed","sticky":false,"template":"","format":"standard","meta":{"footnotes":""},"categories":[4],"tags":[],"class_list":["post-21125","post","type-post","status-publish","format-standard","has-post-thumbnail","hentry","category-deportes"],"_links":{"self":[{"href":"https:\/\/sertv.gob.pa\/nacionalfm\/wp-json\/wp\/v2\/posts\/21125","targetHints":{"allow":["GET"]}}],"collection":[{"href":"https:\/\/sertv.gob.pa\/nacionalfm\/wp-json\/wp\/v2\/posts"}],"about":[{"href":"https:\/\/sertv.gob.pa\/nacionalfm\/wp-json\/wp\/v2\/types\/post"}],"author":[{"embeddable":true,"href":"https:\/\/sertv.gob.pa\/nacionalfm\/wp-json\/wp\/v2\/users\/1"}],"replies":[{"embeddable":true,"href":"https:\/\/sertv.gob.pa\/nacionalfm\/wp-json\/wp\/v2\/comments?post=21125"}],"version-history":[{"count":0,"href":"https:\/\/sertv.gob.pa\/nacionalfm\/wp-json\/wp\/v2\/posts\/21125\/revisions"}],"wp:featuredmedia":[{"embeddable":true,"href":"https:\/\/sertv.gob.pa\/nacionalfm\/wp-json\/wp\/v2\/media\/21126"}],"wp:attachment":[{"href":"https:\/\/sertv.gob.pa\/nacionalfm\/wp-json\/wp\/v2\/media?parent=21125"}],"wp:term":[{"taxonomy":"category","embeddable":true,"href":"https:\/\/sertv.gob.pa\/nacionalfm\/wp-json\/wp\/v2\/categories?post=21125"},{"taxonomy":"post_tag","embeddable":true,"href":"https:\/\/sertv.gob.pa\/nacionalfm\/wp-json\/wp\/v2\/tags?post=21125"}],"curies":[{"name":"wp","href":"https:\/\/api.w.org\/{rel}","templated":true}]}}