{"id":21127,"date":"2017-06-12T15:35:43","date_gmt":"2017-06-12T15:35:43","guid":{"rendered":""},"modified":"2017-06-12T15:35:43","modified_gmt":"2017-06-12T15:35:43","slug":"alcaldia-de-panama-rinde-tributo-al-medioambiente-y-los-oceanos","status":"publish","type":"post","link":"https:\/\/sertv.gob.pa\/nacionalfm\/alcaldia-de-panama-rinde-tributo-al-medioambiente-y-los-oceanos\/","title":{"rendered":"Alcald\u00eda de Panam\u00e1 rinde tributo al Medioambiente y los oc\u00e9anos"},"content":{"rendered":"<p>\nDesde el viernes, 9 de junio, el edificio Hatillo y los jardines situados en su planta baja, llevan a cabo una iluminaci\u00f3n, la cual se extender\u00e1 \u00a0hasta fin de mes. La misma, se realiza con luces verdes, como una representaci\u00f3n gr\u00e1fica\u00a0que busca concienciar sobre la importancia de los mares y el medio ambiente. <\/p>\n<p>Esta es una de las actividades que desarrolla\u00a0\u00a0la alcald\u00eda de Panam\u00e1, a fin de celebrar el mes del medio ambiente y el mes de los Oc\u00e9anos. En junio se conmemoran internacionalmente las siguientes fechas: <\/p>\n<p>5 de junio: D\u00eda Mundial del Medio Ambiente. <\/p>\n<p>8 de Junio: D\u00eda Mundial de los Oc\u00e9anos. <\/p>\n<p>17 de junio: D\u00eda Mundial de Lucha contra la Desertificaci\u00f3n y la Sequ\u00eda. <\/p>\n<p>18 de junio: D\u00eda Mundial contra la Incineraci\u00f3n. <\/p>\n<p>En la cumbre del clima donde se firm\u00f3 el acuerdo de Par\u00eds,\u00a0\u00a0unos 200 pa\u00edses, incluido Panam\u00e1, admiten que el problema del cambio clim\u00e1tico existe y reconocen que el aumento de la temperatura es responsabilidad del hombre. Por eso, establecen medidas para combatirlo. <\/p>\n<p>Es significativo mencionar, que \u00e9ste es el primer acuerdo en el que tanto naciones desarrolladas como pa\u00edses en desarrollo, se comprometen a gestionar la transici\u00f3n hacia una econom\u00eda baja en carbono. <\/p>\n<p>Uno de sus\u00a0prop\u00f3sitos,\u00a0\u00a0es\u00a0\u00a0\u00a0conseguir que el aumento de las temperaturas se mantenga bastante por debajo de los dos grados cent\u00edgrados\u00a0y compromete a los firmantes a \u00abrealizar esfuerzos\u00bb para limitar el aumento de las temperaturas a 1,5 grados en comparaci\u00f3n con la era pre-industrial. <\/p>\n<p>Para esta gesti\u00f3n, las autoridades de la Alcald\u00eda de Panam\u00e1, se suman junto a otros ayuntamientos de la regi\u00f3n a encender su luz verde para comprender que el planeta Tierra, necesita la atenci\u00f3n de todos sus habitantes. <\/p>\n","protected":false},"excerpt":{"rendered":"<p>Desde el viernes, 9 de junio, el edificio Hatillo y <a href=\"https:\/\/sertv.gob.pa\/nacionalfm\/alcaldia-de-panama-rinde-tributo-al-medioambiente-y-los-oceanos\/\"> [&#8230;]<\/a><\/p>\n","protected":false},"author":1,"featured_media":21128,"comment_status":"closed","ping_status":"closed","sticky":false,"template":"","format":"standard","meta":{"footnotes":""},"categories":[2],"tags":[],"class_list":["post-21127","post","type-post","status-publish","format-standard","has-post-thumbnail","hentry","category-nacionales"],"_links":{"self":[{"href":"https:\/\/sertv.gob.pa\/nacionalfm\/wp-json\/wp\/v2\/posts\/21127","targetHints":{"allow":["GET"]}}],"collection":[{"href":"https:\/\/sertv.gob.pa\/nacionalfm\/wp-json\/wp\/v2\/posts"}],"about":[{"href":"https:\/\/sertv.gob.pa\/nacionalfm\/wp-json\/wp\/v2\/types\/post"}],"author":[{"embeddable":true,"href":"https:\/\/sertv.gob.pa\/nacionalfm\/wp-json\/wp\/v2\/users\/1"}],"replies":[{"embeddable":true,"href":"https:\/\/sertv.gob.pa\/nacionalfm\/wp-json\/wp\/v2\/comments?post=21127"}],"version-history":[{"count":0,"href":"https:\/\/sertv.gob.pa\/nacionalfm\/wp-json\/wp\/v2\/posts\/21127\/revisions"}],"wp:featuredmedia":[{"embeddable":true,"href":"https:\/\/sertv.gob.pa\/nacionalfm\/wp-json\/wp\/v2\/media\/21128"}],"wp:attachment":[{"href":"https:\/\/sertv.gob.pa\/nacionalfm\/wp-json\/wp\/v2\/media?parent=21127"}],"wp:term":[{"taxonomy":"category","embeddable":true,"href":"https:\/\/sertv.gob.pa\/nacionalfm\/wp-json\/wp\/v2\/categories?post=21127"},{"taxonomy":"post_tag","embeddable":true,"href":"https:\/\/sertv.gob.pa\/nacionalfm\/wp-json\/wp\/v2\/tags?post=21127"}],"curies":[{"name":"wp","href":"https:\/\/api.w.org\/{rel}","templated":true}]}}