{"id":21129,"date":"2017-06-12T16:01:48","date_gmt":"2017-06-12T16:01:48","guid":{"rendered":""},"modified":"2017-06-12T16:01:48","modified_gmt":"2017-06-12T16:01:48","slug":"yonfre-parejo-vence-a-su-compatriota-lorenzo-parra-en-colombia","status":"publish","type":"post","link":"https:\/\/sertv.gob.pa\/nacionalfm\/yonfre-parejo-vence-a-su-compatriota-lorenzo-parra-en-colombia\/","title":{"rendered":"Yonfre Parejo vence a su compatriota Lorenzo Parra en Colombia"},"content":{"rendered":"<p>\nEl venezolano radicado en Panam\u00e1 Yonfre Parejo venci\u00f3 en movida pelea a su compatriota Lorenzo Parra II, en combate escenificado en Barranquilla, Colombia. <\/p>\n<p>Ambos boxeadores est\u00e1n clasificados en los pesos gallos de la Asociaci\u00f3n Mundial de Boxeo, Parejo es el retador n\u00famero 1 y Parra ocupa la casilla n\u00famero 13. <\/p>\n<p>Parra, de 22 a\u00f1os, no se amilan\u00f3 y en el propio segundo asalto mand\u00f3 a la lona a su rival con un recto al ment\u00f3n. Golpe del cual le cost\u00f3 un poco recuperarse. Sin embargo, el ex campe\u00f3n mundial sali\u00f3 con todo para el tercer round y con buenos upper combinados con gancho al rostro logr\u00f3 devolverle la medicina a su oponente. En el quinto cap\u00edtulo se produjo la tercera y \u00faltima ca\u00edda de esta batalla, nuevamente Parra hab\u00eda mandado a lona a Parejo despu\u00e9s de un intercambio\u00a0 en el medio del ring. <\/p>\n<p>No obstante, la experiencia de &ldquo;El Verdugo&rdquo;, que suma ya 30 a\u00f1os de edad, sali\u00f3 a relucir y con sus buenos upper empez\u00f3 a mermar las condiciones de su rival. Esta fue la clave para cortarle los pasos y poder colocar mejor sus combinaciones. As\u00ed, gest\u00f3 su remontada y logr\u00f3 una decisi\u00f3n un\u00e1nime: 95-92, 96-91 y 95-92. <\/p>\n<p>\u00a0 <\/p>\n","protected":false},"excerpt":{"rendered":"<p>El venezolano radicado en Panam\u00e1 Yonfre Parejo venci\u00f3 en movida <a href=\"https:\/\/sertv.gob.pa\/nacionalfm\/yonfre-parejo-vence-a-su-compatriota-lorenzo-parra-en-colombia\/\"> [&#8230;]<\/a><\/p>\n","protected":false},"author":1,"featured_media":21130,"comment_status":"closed","ping_status":"closed","sticky":false,"template":"","format":"standard","meta":{"footnotes":""},"categories":[4],"tags":[],"class_list":["post-21129","post","type-post","status-publish","format-standard","has-post-thumbnail","hentry","category-deportes"],"_links":{"self":[{"href":"https:\/\/sertv.gob.pa\/nacionalfm\/wp-json\/wp\/v2\/posts\/21129","targetHints":{"allow":["GET"]}}],"collection":[{"href":"https:\/\/sertv.gob.pa\/nacionalfm\/wp-json\/wp\/v2\/posts"}],"about":[{"href":"https:\/\/sertv.gob.pa\/nacionalfm\/wp-json\/wp\/v2\/types\/post"}],"author":[{"embeddable":true,"href":"https:\/\/sertv.gob.pa\/nacionalfm\/wp-json\/wp\/v2\/users\/1"}],"replies":[{"embeddable":true,"href":"https:\/\/sertv.gob.pa\/nacionalfm\/wp-json\/wp\/v2\/comments?post=21129"}],"version-history":[{"count":0,"href":"https:\/\/sertv.gob.pa\/nacionalfm\/wp-json\/wp\/v2\/posts\/21129\/revisions"}],"wp:featuredmedia":[{"embeddable":true,"href":"https:\/\/sertv.gob.pa\/nacionalfm\/wp-json\/wp\/v2\/media\/21130"}],"wp:attachment":[{"href":"https:\/\/sertv.gob.pa\/nacionalfm\/wp-json\/wp\/v2\/media?parent=21129"}],"wp:term":[{"taxonomy":"category","embeddable":true,"href":"https:\/\/sertv.gob.pa\/nacionalfm\/wp-json\/wp\/v2\/categories?post=21129"},{"taxonomy":"post_tag","embeddable":true,"href":"https:\/\/sertv.gob.pa\/nacionalfm\/wp-json\/wp\/v2\/tags?post=21129"}],"curies":[{"name":"wp","href":"https:\/\/api.w.org\/{rel}","templated":true}]}}