{"id":21133,"date":"2017-06-12T16:21:05","date_gmt":"2017-06-12T16:21:05","guid":{"rendered":""},"modified":"2017-06-12T16:21:05","modified_gmt":"2017-06-12T16:21:05","slug":"tecnico-suarez-da-a-conocer-listado-femenino-para-centroamericano-sub-20","status":"publish","type":"post","link":"https:\/\/sertv.gob.pa\/nacionalfm\/tecnico-suarez-da-a-conocer-listado-femenino-para-centroamericano-sub-20\/","title":{"rendered":"T\u00e9cnico Su\u00e1rez da a conocer listado femenino para Centroamericano Sub-20"},"content":{"rendered":"<p>\nCon miras a representar a Panam\u00e1 en el Campeonato Centroamericano 2017 que se jugar\u00e1 a mediados de este mes y que otorga dos cupos al premundial de CONCACAF, el entrenador del seleccionado nacional de F\u00fatbol Femenino Sub-20, V\u00edctor Su\u00e1rez, \u00a0entreg\u00f3 el listado de 18 jugadoras que viajar\u00e1n a Nicaragua para este evento.\u00a0 <\/p>\n<p>La plantilla final est\u00e1 compuesta por 17 jugadoras del plano local y una legionaria. Aqu\u00ed las lista completas con sus n\u00fameros de camiseta:\u00a0 <\/p>\n<p>1 Mar\u00eda \u00c1brego &#8211; Chiriqu\u00ed <\/p>\n<p>12 Dana Cede\u00f1o &#8211; Los Santos <\/p>\n<p>4 Milena Fern\u00e1ndez &#8211; Panam\u00e1 Oeste <\/p>\n<p>2 Yaremys Ledezma &#8211; Panam\u00e1 Este <\/p>\n<p>13 Paola Alba &#8211; Panam\u00e1 Este <\/p>\n<p>6 Amanda Aizpr\u00faa &#8211; Veraguas <\/p>\n<p>3 Yoem\u00ed V\u00e1squez &#8211; Panam\u00e1 Oeste <\/p>\n<p>14 Yeriskaline Estrada &#8211; Panam\u00e1 Oeste <\/p>\n<p>15 Daniela Ventura &#8211; Panam\u00e1 Este <\/p>\n<p>8 Stephany Toral &#8211; Panam\u00e1 Este <\/p>\n<p>5 Miluska Guevara &#8211; Panam\u00e1 Este <\/p>\n<p>18 Mar\u00eda Guevara &#8211; Panam\u00e1 Oeste <\/p>\n<p>17 Katherin Lizondro &#8211; Chiriqu\u00ed <\/p>\n<p>16 Rosario Vargas &#8211; Deportivo Saprissa (CRC) <\/p>\n<p>10 Mariana Molina &#8211; Veraguas <\/p>\n<p>9 Erika Hern\u00e1ndez &#8211; Panam\u00e1 Este <\/p>\n<p>7 Lineth Cede\u00f1o &#8211; \u00a0Panam\u00e1 Este <\/p>\n<p>11 Shirley St Rose &#8211; Bocas del Toro <\/p>\n<p>\u00a0 <\/p>\n","protected":false},"excerpt":{"rendered":"<p>Con miras a representar a Panam\u00e1 en el Campeonato Centroamericano <a href=\"https:\/\/sertv.gob.pa\/nacionalfm\/tecnico-suarez-da-a-conocer-listado-femenino-para-centroamericano-sub-20\/\"> [&#8230;]<\/a><\/p>\n","protected":false},"author":1,"featured_media":21134,"comment_status":"closed","ping_status":"closed","sticky":false,"template":"","format":"standard","meta":{"footnotes":""},"categories":[4],"tags":[],"class_list":["post-21133","post","type-post","status-publish","format-standard","has-post-thumbnail","hentry","category-deportes"],"_links":{"self":[{"href":"https:\/\/sertv.gob.pa\/nacionalfm\/wp-json\/wp\/v2\/posts\/21133","targetHints":{"allow":["GET"]}}],"collection":[{"href":"https:\/\/sertv.gob.pa\/nacionalfm\/wp-json\/wp\/v2\/posts"}],"about":[{"href":"https:\/\/sertv.gob.pa\/nacionalfm\/wp-json\/wp\/v2\/types\/post"}],"author":[{"embeddable":true,"href":"https:\/\/sertv.gob.pa\/nacionalfm\/wp-json\/wp\/v2\/users\/1"}],"replies":[{"embeddable":true,"href":"https:\/\/sertv.gob.pa\/nacionalfm\/wp-json\/wp\/v2\/comments?post=21133"}],"version-history":[{"count":0,"href":"https:\/\/sertv.gob.pa\/nacionalfm\/wp-json\/wp\/v2\/posts\/21133\/revisions"}],"wp:featuredmedia":[{"embeddable":true,"href":"https:\/\/sertv.gob.pa\/nacionalfm\/wp-json\/wp\/v2\/media\/21134"}],"wp:attachment":[{"href":"https:\/\/sertv.gob.pa\/nacionalfm\/wp-json\/wp\/v2\/media?parent=21133"}],"wp:term":[{"taxonomy":"category","embeddable":true,"href":"https:\/\/sertv.gob.pa\/nacionalfm\/wp-json\/wp\/v2\/categories?post=21133"},{"taxonomy":"post_tag","embeddable":true,"href":"https:\/\/sertv.gob.pa\/nacionalfm\/wp-json\/wp\/v2\/tags?post=21133"}],"curies":[{"name":"wp","href":"https:\/\/api.w.org\/{rel}","templated":true}]}}