{"id":21137,"date":"2017-06-12T16:47:13","date_gmt":"2017-06-12T16:47:13","guid":{"rendered":""},"modified":"2017-06-12T16:47:13","modified_gmt":"2017-06-12T16:47:13","slug":"llega-seleccion-hondurena-para-partido-eliminatorio-con-panama","status":"publish","type":"post","link":"https:\/\/sertv.gob.pa\/nacionalfm\/llega-seleccion-hondurena-para-partido-eliminatorio-con-panama\/","title":{"rendered":"Llega Selecci\u00f3n hondure\u00f1a para partido eliminatorio con Panam\u00e1"},"content":{"rendered":"<p>\nLa Selecci\u00f3n de Honduras lleg\u00f3 ayer a nuestro pa\u00eds para su encuentro eliminatorio de la CONCACAF con miras al Mundial de Rusia 2018, para su encuentro con el seleccionado de Panam\u00e1 ma\u00f1ana martes 13 de junio. <\/p>\n<p>Honduras, que en cinco partidos solamente ha podido sumar 4 puntos, necesita ganarle a Panam\u00e1 para mantener vivas sus esperanzas de jugar el Mundial de Rusia. <\/p>\n<p>&lsquo;Los Catrachos&#8217; vienen de ser goleados 3-0 ante M\u00e9xico en el estadio Azteca el jueves pasado, en tanto Panam\u00e1 el mismo d\u00eda empat\u00f3 a 0 gol con Costa Rica en el estadio Nacional de San Jos\u00e9 de Costa Rica. <\/p>\n<p>\u00a0 <\/p>\n","protected":false},"excerpt":{"rendered":"<p>La Selecci\u00f3n de Honduras lleg\u00f3 ayer a nuestro pa\u00eds para <a href=\"https:\/\/sertv.gob.pa\/nacionalfm\/llega-seleccion-hondurena-para-partido-eliminatorio-con-panama\/\"> [&#8230;]<\/a><\/p>\n","protected":false},"author":1,"featured_media":21138,"comment_status":"closed","ping_status":"closed","sticky":false,"template":"","format":"standard","meta":{"footnotes":""},"categories":[4],"tags":[],"class_list":["post-21137","post","type-post","status-publish","format-standard","has-post-thumbnail","hentry","category-deportes"],"_links":{"self":[{"href":"https:\/\/sertv.gob.pa\/nacionalfm\/wp-json\/wp\/v2\/posts\/21137","targetHints":{"allow":["GET"]}}],"collection":[{"href":"https:\/\/sertv.gob.pa\/nacionalfm\/wp-json\/wp\/v2\/posts"}],"about":[{"href":"https:\/\/sertv.gob.pa\/nacionalfm\/wp-json\/wp\/v2\/types\/post"}],"author":[{"embeddable":true,"href":"https:\/\/sertv.gob.pa\/nacionalfm\/wp-json\/wp\/v2\/users\/1"}],"replies":[{"embeddable":true,"href":"https:\/\/sertv.gob.pa\/nacionalfm\/wp-json\/wp\/v2\/comments?post=21137"}],"version-history":[{"count":0,"href":"https:\/\/sertv.gob.pa\/nacionalfm\/wp-json\/wp\/v2\/posts\/21137\/revisions"}],"wp:featuredmedia":[{"embeddable":true,"href":"https:\/\/sertv.gob.pa\/nacionalfm\/wp-json\/wp\/v2\/media\/21138"}],"wp:attachment":[{"href":"https:\/\/sertv.gob.pa\/nacionalfm\/wp-json\/wp\/v2\/media?parent=21137"}],"wp:term":[{"taxonomy":"category","embeddable":true,"href":"https:\/\/sertv.gob.pa\/nacionalfm\/wp-json\/wp\/v2\/categories?post=21137"},{"taxonomy":"post_tag","embeddable":true,"href":"https:\/\/sertv.gob.pa\/nacionalfm\/wp-json\/wp\/v2\/tags?post=21137"}],"curies":[{"name":"wp","href":"https:\/\/api.w.org\/{rel}","templated":true}]}}