{"id":21141,"date":"2017-06-12T17:51:56","date_gmt":"2017-06-12T17:51:56","guid":{"rendered":""},"modified":"2017-06-12T17:51:56","modified_gmt":"2017-06-12T17:51:56","slug":"atheyna-bylon-debuta-con-triunfo-ante-nica-en-continental-de-boxeo-en-honduras","status":"publish","type":"post","link":"https:\/\/sertv.gob.pa\/nacionalfm\/atheyna-bylon-debuta-con-triunfo-ante-nica-en-continental-de-boxeo-en-honduras\/","title":{"rendered":"Atheyna Bylon debuta con triunfo  en Continental de Boxeo en Honduras"},"content":{"rendered":"<p>\n En Campeonato de Boxeo Continental, que se realiza en Honduras y que es clasif la boxeadora paname\u00f1a y campeona mundial Atheyna Bylon logr\u00f3 una victoria en su debut ante la nicarag\u00fcense Keilyn Casanova.  <\/p>\n<p> Atheyna Bylon tendr\u00e1 acci\u00f3n nuevamente ma\u00f1ana ante boxeadora de Canad\u00e1.  <\/p>\n<p> Baylon cuenta con 28 a\u00f1os y es sargento de la Polic\u00eda Nacional est\u00e1 compitiendo en los 75 kilogr\u00e1mos.  <\/p>\n<p> Con Atheyna Bylon se encuentran como entrenador el teniente Gustavo Caicedo y el agente Luis &ldquo;Kokimbo&rdquo; Hern\u00e1ndez quien tambi\u00e9n estar\u00e1 compitiendo en el evento.  <\/p>\n","protected":false},"excerpt":{"rendered":"<p>En Campeonato de Boxeo Continental, que se realiza en Honduras <a href=\"https:\/\/sertv.gob.pa\/nacionalfm\/atheyna-bylon-debuta-con-triunfo-ante-nica-en-continental-de-boxeo-en-honduras\/\"> [&#8230;]<\/a><\/p>\n","protected":false},"author":1,"featured_media":21142,"comment_status":"closed","ping_status":"closed","sticky":false,"template":"","format":"standard","meta":{"footnotes":""},"categories":[4],"tags":[],"class_list":["post-21141","post","type-post","status-publish","format-standard","has-post-thumbnail","hentry","category-deportes"],"_links":{"self":[{"href":"https:\/\/sertv.gob.pa\/nacionalfm\/wp-json\/wp\/v2\/posts\/21141","targetHints":{"allow":["GET"]}}],"collection":[{"href":"https:\/\/sertv.gob.pa\/nacionalfm\/wp-json\/wp\/v2\/posts"}],"about":[{"href":"https:\/\/sertv.gob.pa\/nacionalfm\/wp-json\/wp\/v2\/types\/post"}],"author":[{"embeddable":true,"href":"https:\/\/sertv.gob.pa\/nacionalfm\/wp-json\/wp\/v2\/users\/1"}],"replies":[{"embeddable":true,"href":"https:\/\/sertv.gob.pa\/nacionalfm\/wp-json\/wp\/v2\/comments?post=21141"}],"version-history":[{"count":0,"href":"https:\/\/sertv.gob.pa\/nacionalfm\/wp-json\/wp\/v2\/posts\/21141\/revisions"}],"wp:featuredmedia":[{"embeddable":true,"href":"https:\/\/sertv.gob.pa\/nacionalfm\/wp-json\/wp\/v2\/media\/21142"}],"wp:attachment":[{"href":"https:\/\/sertv.gob.pa\/nacionalfm\/wp-json\/wp\/v2\/media?parent=21141"}],"wp:term":[{"taxonomy":"category","embeddable":true,"href":"https:\/\/sertv.gob.pa\/nacionalfm\/wp-json\/wp\/v2\/categories?post=21141"},{"taxonomy":"post_tag","embeddable":true,"href":"https:\/\/sertv.gob.pa\/nacionalfm\/wp-json\/wp\/v2\/tags?post=21141"}],"curies":[{"name":"wp","href":"https:\/\/api.w.org\/{rel}","templated":true}]}}