{"id":21151,"date":"2017-06-12T18:51:50","date_gmt":"2017-06-12T18:51:50","guid":{"rendered":""},"modified":"2017-06-12T18:51:50","modified_gmt":"2017-06-12T18:51:50","slug":"1-de-cada-4-ninos-menores-de-5-anos-sufre-de-anemia","status":"publish","type":"post","link":"https:\/\/sertv.gob.pa\/nacionalfm\/1-de-cada-4-ninos-menores-de-5-anos-sufre-de-anemia\/","title":{"rendered":"1 de cada 4 ni\u00f1os menores de 5 a\u00f1os sufre de anemia"},"content":{"rendered":"<p>\nEn Colombia, la anemia alcanza cifras alarmantes, convirti\u00e9ndose en un problema de salud p\u00fablica que afecta en mayor medida a los ni\u00f1os en sus primeros 5 a\u00f1os de vida. De ellos, la poblaci\u00f3n que m\u00e1s la padece son los ni\u00f1os menores de un a\u00f1o, en la cual al menos 1 de cada 2 tiene anemia nutricional. Igualmente se estima que 1 de cada 6 mujeres embarazadas presenta la enfermedad, convirti\u00e9ndola en una condici\u00f3n nutricional que afecta diversas poblaciones. <\/p>\n<p>Esta enfermedad, que se presenta en la mayor\u00eda de los casos cuando el cuerpo no consume suficiente cantidad de hierro, puede mostrar s\u00edntomas como cansancio, palidez, p\u00e9rdida de apetito, sue\u00f1o, retraso en el crecimiento y bajo rendimiento escolar. La Organizaci\u00f3n Mundial de la Salud (OMS) considera la anemia como un problema mundial de salud p\u00fablica que se presenta principalmente en pa\u00edses en v\u00eda de desarrollo y que ha llegado a afectar a 600 millones de ni\u00f1os en todo el mundo, donde al menos el 50 % de los casos se atribuyen a la carencia de hierro. <\/p>\n<p>La anemia infantil es una enfermedad en la que la sangre tiene menos gl\u00f3bulos rojos de lo normal, y aunque puede ser ocasionada por par\u00e1sitos y enfermedades hereditarias o adquiridas, el factor m\u00e1s com\u00fan suele ser la falta de hierro, un nutriente necesario, especialmente durante la primera infancia y la ni\u00f1ez. <\/p>\n<p>El gastropediatra Johon Garc\u00e9s, explica que &ldquo; esta enfermedad ocurre cuando hay una deficiencia en la cantidad de hierro, un nutriente esencial que ayuda a la formaci\u00f3n de gl\u00f3bulos rojos&rdquo;. \u00a0 De igual manera Johon Garc\u00e9s advierte que es  &ldquo;importante generar conciencia entre la comunidad m\u00e9dica, el gobierno y la ciudadan\u00eda sobre el impacto que tiene esta enfermedad, especialmente en los primeros a\u00f1os de vida&rdquo;.  Como medida de prevenci\u00f3n, Garc\u00e9s recomienda consumir una dieta adecuada, e incrementar la ingesta de alimentos con alto contenido de hierro. <\/p>\n<p>En Colombia, los ni\u00f1os menores de dos a\u00f1os son particularmente vulnerables a sufrir de anemia, ya que la disponibilidad y variedad de alimentos en algunos casos es limitada. La variedad en la alimentaci\u00f3n, un componente importante en la nutrici\u00f3n infantil, puede verse afectada por factores culturales, desinformaci\u00f3n, la pobreza o incluso las pr\u00e1cticas alimentarias.\u00a0 En los ni\u00f1os, la deficiencia de hierro es una de las m\u00e1s prevalentes, lo que incrementa el riesgo de enfermedad, mortalidad y discapacidad temprana. \u00a0 <\/p>\n<p>Ante esta problem\u00e1tica, el Ministerio de Salud y Protecci\u00f3n Social ha venido adelantando iniciativas como el Programa Nacional de Prevenci\u00f3n y Reducci\u00f3n de Anemia Nutricional en la primera infancia, para hacer frente a esta problem\u00e1tica. No obstante, la situaci\u00f3n a\u00fan resulta preocupante ya que 1de cada 4 ni\u00f1os menores de 5 a\u00f1os presenta anemia. <\/p>\n<p>\u00a0 <\/p>\n<p>\u00a0 <\/p>\n","protected":false},"excerpt":{"rendered":"<p>En Colombia, la anemia alcanza cifras alarmantes, convirti\u00e9ndose en un <a href=\"https:\/\/sertv.gob.pa\/nacionalfm\/1-de-cada-4-ninos-menores-de-5-anos-sufre-de-anemia\/\"> [&#8230;]<\/a><\/p>\n","protected":false},"author":1,"featured_media":21152,"comment_status":"closed","ping_status":"closed","sticky":false,"template":"","format":"standard","meta":{"footnotes":""},"categories":[5],"tags":[],"class_list":["post-21151","post","type-post","status-publish","format-standard","has-post-thumbnail","hentry","category-salud"],"_links":{"self":[{"href":"https:\/\/sertv.gob.pa\/nacionalfm\/wp-json\/wp\/v2\/posts\/21151","targetHints":{"allow":["GET"]}}],"collection":[{"href":"https:\/\/sertv.gob.pa\/nacionalfm\/wp-json\/wp\/v2\/posts"}],"about":[{"href":"https:\/\/sertv.gob.pa\/nacionalfm\/wp-json\/wp\/v2\/types\/post"}],"author":[{"embeddable":true,"href":"https:\/\/sertv.gob.pa\/nacionalfm\/wp-json\/wp\/v2\/users\/1"}],"replies":[{"embeddable":true,"href":"https:\/\/sertv.gob.pa\/nacionalfm\/wp-json\/wp\/v2\/comments?post=21151"}],"version-history":[{"count":0,"href":"https:\/\/sertv.gob.pa\/nacionalfm\/wp-json\/wp\/v2\/posts\/21151\/revisions"}],"wp:featuredmedia":[{"embeddable":true,"href":"https:\/\/sertv.gob.pa\/nacionalfm\/wp-json\/wp\/v2\/media\/21152"}],"wp:attachment":[{"href":"https:\/\/sertv.gob.pa\/nacionalfm\/wp-json\/wp\/v2\/media?parent=21151"}],"wp:term":[{"taxonomy":"category","embeddable":true,"href":"https:\/\/sertv.gob.pa\/nacionalfm\/wp-json\/wp\/v2\/categories?post=21151"},{"taxonomy":"post_tag","embeddable":true,"href":"https:\/\/sertv.gob.pa\/nacionalfm\/wp-json\/wp\/v2\/tags?post=21151"}],"curies":[{"name":"wp","href":"https:\/\/api.w.org\/{rel}","templated":true}]}}