{"id":21153,"date":"2017-06-12T19:04:06","date_gmt":"2017-06-12T19:04:06","guid":{"rendered":""},"modified":"2017-06-12T19:04:06","modified_gmt":"2017-06-12T19:04:06","slug":"panameno-charlie-willson-clasifica-a-cuartos-de-final-en-continental-de-boxeo","status":"publish","type":"post","link":"https:\/\/sertv.gob.pa\/nacionalfm\/panameno-charlie-willson-clasifica-a-cuartos-de-final-en-continental-de-boxeo\/","title":{"rendered":"Paname\u00f1o Willson clasifica a cuartos de final en Continental de Boxeo"},"content":{"rendered":"<p>\nEl p\u00fagil paname\u00f1o Charlie Wilson clasific\u00f3 a cuartos de final en el Campeonato Continental que se desarrolla en Honduras, al vencer por decisi\u00f3n de 4-1 al nicarag\u00fcense Santos Reyes. <\/p>\n<p>Charlie Wilson quien compite en los 64 kilos tendr\u00e1 acci\u00f3n nuevamente el mi\u00e9rcoles ante el norteamericano Freudis Rojas. <\/p>\n<p>Este torneo cuenta con m\u00e1s de 200 pugilistas de 23 pa\u00edses y es clasificatorio, solamente en masculino, para el XIX Campeonato Mundial de Boxeo Aficionado, que se celebrar\u00e1 del 22 al 30 de septiembre en Hamburgo, Alemania. <\/p>\n","protected":false},"excerpt":{"rendered":"<p>El p\u00fagil paname\u00f1o Charlie Wilson clasific\u00f3 a cuartos de final <a href=\"https:\/\/sertv.gob.pa\/nacionalfm\/panameno-charlie-willson-clasifica-a-cuartos-de-final-en-continental-de-boxeo\/\"> [&#8230;]<\/a><\/p>\n","protected":false},"author":1,"featured_media":21154,"comment_status":"closed","ping_status":"closed","sticky":false,"template":"","format":"standard","meta":{"footnotes":""},"categories":[4],"tags":[],"class_list":["post-21153","post","type-post","status-publish","format-standard","has-post-thumbnail","hentry","category-deportes"],"_links":{"self":[{"href":"https:\/\/sertv.gob.pa\/nacionalfm\/wp-json\/wp\/v2\/posts\/21153","targetHints":{"allow":["GET"]}}],"collection":[{"href":"https:\/\/sertv.gob.pa\/nacionalfm\/wp-json\/wp\/v2\/posts"}],"about":[{"href":"https:\/\/sertv.gob.pa\/nacionalfm\/wp-json\/wp\/v2\/types\/post"}],"author":[{"embeddable":true,"href":"https:\/\/sertv.gob.pa\/nacionalfm\/wp-json\/wp\/v2\/users\/1"}],"replies":[{"embeddable":true,"href":"https:\/\/sertv.gob.pa\/nacionalfm\/wp-json\/wp\/v2\/comments?post=21153"}],"version-history":[{"count":0,"href":"https:\/\/sertv.gob.pa\/nacionalfm\/wp-json\/wp\/v2\/posts\/21153\/revisions"}],"wp:featuredmedia":[{"embeddable":true,"href":"https:\/\/sertv.gob.pa\/nacionalfm\/wp-json\/wp\/v2\/media\/21154"}],"wp:attachment":[{"href":"https:\/\/sertv.gob.pa\/nacionalfm\/wp-json\/wp\/v2\/media?parent=21153"}],"wp:term":[{"taxonomy":"category","embeddable":true,"href":"https:\/\/sertv.gob.pa\/nacionalfm\/wp-json\/wp\/v2\/categories?post=21153"},{"taxonomy":"post_tag","embeddable":true,"href":"https:\/\/sertv.gob.pa\/nacionalfm\/wp-json\/wp\/v2\/tags?post=21153"}],"curies":[{"name":"wp","href":"https:\/\/api.w.org\/{rel}","templated":true}]}}