{"id":21157,"date":"2017-06-12T19:45:06","date_gmt":"2017-06-12T19:45:06","guid":{"rendered":""},"modified":"2017-06-12T19:45:06","modified_gmt":"2017-06-12T19:45:06","slug":"alcaldia-de-panama-realiza-carrera-municipal-de-5-y-15-kilometros","status":"publish","type":"post","link":"https:\/\/sertv.gob.pa\/nacionalfm\/alcaldia-de-panama-realiza-carrera-municipal-de-5-y-15-kilometros\/","title":{"rendered":"Alcald\u00eda de Panam\u00e1 realiza Carrera Municipal de 5 y 15 kil\u00f3metros"},"content":{"rendered":"<p>\nLa Alcald\u00eda de Panam\u00e1 realiz\u00f3 la Carrera Municipal de 5 y 15 kil\u00f3metros, en todas las edades, en la rama masculina y femenina, en las categor\u00edas infantil, juvenil, adultos, master y sillas de ruedas, con la colaboraci\u00f3n de la Caja del Seguro Social. <\/p>\n<p>La actividad deportiva inici\u00f3 a las\u00a0 6:30 de la ma\u00f1ana este domingo 11 de junio, con la partida desde el parque Belisario Porras ubicado en el barrio La Exposici\u00f3n\u00a0 del corregimiento de Calidonia. Durante el desarrollo de la competencia \u00a0a \u00a0los asistentes se les brind\u00f3 atenci\u00f3n primaria de salud (gratis), toma de presi\u00f3n arterial, glicemia y vacunaci\u00f3n. <\/p>\n<p>Los corredores recibieron\u00a0 bebidas hidratantes, frutas, suplementos alimenticios \u00a0y masajes,\u00a0 mientras que en el sitio se manten\u00edan\u00a0 ambulancias y equipos de primeros auxilios. El recorrido de la carrera fue se\u00f1alizado\u00a0 con conos y \u00a0vigilado por unidades de la Polic\u00eda del Tr\u00e1nsito,\u00a0 ATTT y \u00a0Polic\u00eda Municipal. <\/p>\n<p>El evento concluy\u00f3 con la entrega de medallas a todos los corredores y los premios a los primeros lugares de cada categor\u00eda <\/p>\n","protected":false},"excerpt":{"rendered":"<p>La Alcald\u00eda de Panam\u00e1 realiz\u00f3 la Carrera Municipal de 5 <a href=\"https:\/\/sertv.gob.pa\/nacionalfm\/alcaldia-de-panama-realiza-carrera-municipal-de-5-y-15-kilometros\/\"> [&#8230;]<\/a><\/p>\n","protected":false},"author":1,"featured_media":21158,"comment_status":"closed","ping_status":"closed","sticky":false,"template":"","format":"standard","meta":{"footnotes":""},"categories":[4],"tags":[],"class_list":["post-21157","post","type-post","status-publish","format-standard","has-post-thumbnail","hentry","category-deportes"],"_links":{"self":[{"href":"https:\/\/sertv.gob.pa\/nacionalfm\/wp-json\/wp\/v2\/posts\/21157","targetHints":{"allow":["GET"]}}],"collection":[{"href":"https:\/\/sertv.gob.pa\/nacionalfm\/wp-json\/wp\/v2\/posts"}],"about":[{"href":"https:\/\/sertv.gob.pa\/nacionalfm\/wp-json\/wp\/v2\/types\/post"}],"author":[{"embeddable":true,"href":"https:\/\/sertv.gob.pa\/nacionalfm\/wp-json\/wp\/v2\/users\/1"}],"replies":[{"embeddable":true,"href":"https:\/\/sertv.gob.pa\/nacionalfm\/wp-json\/wp\/v2\/comments?post=21157"}],"version-history":[{"count":0,"href":"https:\/\/sertv.gob.pa\/nacionalfm\/wp-json\/wp\/v2\/posts\/21157\/revisions"}],"wp:featuredmedia":[{"embeddable":true,"href":"https:\/\/sertv.gob.pa\/nacionalfm\/wp-json\/wp\/v2\/media\/21158"}],"wp:attachment":[{"href":"https:\/\/sertv.gob.pa\/nacionalfm\/wp-json\/wp\/v2\/media?parent=21157"}],"wp:term":[{"taxonomy":"category","embeddable":true,"href":"https:\/\/sertv.gob.pa\/nacionalfm\/wp-json\/wp\/v2\/categories?post=21157"},{"taxonomy":"post_tag","embeddable":true,"href":"https:\/\/sertv.gob.pa\/nacionalfm\/wp-json\/wp\/v2\/tags?post=21157"}],"curies":[{"name":"wp","href":"https:\/\/api.w.org\/{rel}","templated":true}]}}