{"id":21159,"date":"2017-06-12T20:18:23","date_gmt":"2017-06-12T20:18:23","guid":{"rendered":""},"modified":"2017-06-12T20:18:23","modified_gmt":"2017-06-12T20:18:23","slug":"cmb-clasifica-al-sensacional-estrada-como-primer-retador","status":"publish","type":"post","link":"https:\/\/sertv.gob.pa\/nacionalfm\/cmb-clasifica-al-sensacional-estrada-como-primer-retador\/","title":{"rendered":"CMB clasifica \u201cAl Sensacional\u201d Estrada como primer retador"},"content":{"rendered":"<p>\nEn sus \u00faltimos listados el Consejo Mundial de Boxeo clasific\u00f3 al paname\u00f1o Leroy &ldquo;El Sensacional&rdquo; Estrada de primer retador, del organismo, quien viene de ganar su \u00faltimo encuentro eliminatorio ante el mexicano Sa\u00fal &ldquo;El Baby&rdquo; Ju\u00e1rez por decisi\u00f3n un\u00e1nime de los jueces. <\/p>\n<p>El colonense Amrit &ldquo;Kun-Fu&rdquo; Herrera ocupa la casilla n\u00famero 12 de los minimoscas y el Luis &ldquo;El Nica&rdquo; Concepci\u00f3n en la categor\u00eda supermosca, mientras que Anselmo &ldquo;Chemito&rdquo; Moreno sali\u00f3 de las clasificaciones, luego de su \u00faltima derrota por K.O. ante el mexicano Julio &ldquo;El Pollito&rdquo; Ceja, luego del cual anunci\u00f3 su retiro del ring. <\/p>\n<p>Su vencedor el mexicano Ceja aparece como el primer retador de los supergallos del CMB. <\/p>\n<p>\u00a0 <\/p>\n","protected":false},"excerpt":{"rendered":"<p>En sus \u00faltimos listados el Consejo Mundial de Boxeo clasific\u00f3 <a href=\"https:\/\/sertv.gob.pa\/nacionalfm\/cmb-clasifica-al-sensacional-estrada-como-primer-retador\/\"> [&#8230;]<\/a><\/p>\n","protected":false},"author":1,"featured_media":21160,"comment_status":"closed","ping_status":"closed","sticky":false,"template":"","format":"standard","meta":{"footnotes":""},"categories":[4],"tags":[],"class_list":["post-21159","post","type-post","status-publish","format-standard","has-post-thumbnail","hentry","category-deportes"],"_links":{"self":[{"href":"https:\/\/sertv.gob.pa\/nacionalfm\/wp-json\/wp\/v2\/posts\/21159","targetHints":{"allow":["GET"]}}],"collection":[{"href":"https:\/\/sertv.gob.pa\/nacionalfm\/wp-json\/wp\/v2\/posts"}],"about":[{"href":"https:\/\/sertv.gob.pa\/nacionalfm\/wp-json\/wp\/v2\/types\/post"}],"author":[{"embeddable":true,"href":"https:\/\/sertv.gob.pa\/nacionalfm\/wp-json\/wp\/v2\/users\/1"}],"replies":[{"embeddable":true,"href":"https:\/\/sertv.gob.pa\/nacionalfm\/wp-json\/wp\/v2\/comments?post=21159"}],"version-history":[{"count":0,"href":"https:\/\/sertv.gob.pa\/nacionalfm\/wp-json\/wp\/v2\/posts\/21159\/revisions"}],"wp:featuredmedia":[{"embeddable":true,"href":"https:\/\/sertv.gob.pa\/nacionalfm\/wp-json\/wp\/v2\/media\/21160"}],"wp:attachment":[{"href":"https:\/\/sertv.gob.pa\/nacionalfm\/wp-json\/wp\/v2\/media?parent=21159"}],"wp:term":[{"taxonomy":"category","embeddable":true,"href":"https:\/\/sertv.gob.pa\/nacionalfm\/wp-json\/wp\/v2\/categories?post=21159"},{"taxonomy":"post_tag","embeddable":true,"href":"https:\/\/sertv.gob.pa\/nacionalfm\/wp-json\/wp\/v2\/tags?post=21159"}],"curies":[{"name":"wp","href":"https:\/\/api.w.org\/{rel}","templated":true}]}}