{"id":21173,"date":"2017-06-13T17:40:32","date_gmt":"2017-06-13T17:40:32","guid":{"rendered":""},"modified":"2017-06-13T17:40:32","modified_gmt":"2017-06-13T17:40:32","slug":"pandeportes-contribuye-con-la-erradicacion-del-trabajo-infantil","status":"publish","type":"post","link":"https:\/\/sertv.gob.pa\/nacionalfm\/pandeportes-contribuye-con-la-erradicacion-del-trabajo-infantil\/","title":{"rendered":"PANDEPORTES contribuye con la Erradicaci\u00f3n del Trabajo Infantil"},"content":{"rendered":"<p>\nAl Celebrarse el D\u00eda Internacional de la Erradicaci\u00f3n del Trabajo Infantil el Instituto Paname\u00f1o de Deportes, comprometido y consciente con la Erradicaci\u00f3n del Trabajo infantil tiene entre sus proyectos, objetivos espec\u00edficos, el de proporcionar atenci\u00f3n integral a los ni\u00f1os y ni\u00f1as, por medio de una red de servicios que atiendan las necesidades de la poblaci\u00f3n infantil trabajadora. Contribuir a la eliminaci\u00f3n de las peores formas de trabajo infantil. <\/p>\n<p>Desarrollando el \u00e1rea psicomotora a trav\u00e9s de las actividades f\u00edsicas, juegos recreativos, juegos pre-deportivos para mejorar la calidad de vida, adem\u00e1s observar nuevos talentos partiendo de la diversidad y particularidad del ni\u00f1o. <\/p>\n<p>Tenemos en Panam\u00e1 y a nivel mundial que las causas del trabajo infantil tienen un denominador com\u00fan, como lo son: la pobreza, enfermedad, incapacidad o muerte del proveedor del sustento familiar, violencias y conflictos dom\u00e9sticos, falta del cumplimiento de obligatoriedad de la educaci\u00f3n, menor calidad y accesibilidad de la educaci\u00f3n, ausencias de respuesta social e institucional, discriminaci\u00f3n de g\u00e9nero y \u00e9tnica, patrones culturales. <\/p>\n<p>Tenemos como consecuencia de este trabajo infantil, el consumo de drogas, explotaci\u00f3n sexual, no permite el acceso a empleos decentes, perpet\u00faa la cadena de pobreza, delincuencia, se integran a bandas juveniles, hasta la muerte. <\/p>\n<p>Pertenecemos actualmente a la integraci\u00f3n interinstitucional del MITRADEL, MEDUCA, MIDES, MINSA, IFHARU, INAC, INADHE y PANDEPORTES. <\/p>\n<p>La participaci\u00f3n de PANDEPORTES, es determinante, para proporcionar e incorporar a la ni\u00f1ez y adolescencia a la pr\u00e1ctica sistem\u00e1tica del deporte, la cultura f\u00edsica y la recreaci\u00f3n, contribuyendo de esa manera, a mejorar la calidad de vida de nuestra poblaci\u00f3n desde el punto de vista f\u00edsico y espiritual. <\/p>\n<p>\u00a0 <\/p>\n","protected":false},"excerpt":{"rendered":"<p>Al Celebrarse el D\u00eda Internacional de la Erradicaci\u00f3n del Trabajo <a href=\"https:\/\/sertv.gob.pa\/nacionalfm\/pandeportes-contribuye-con-la-erradicacion-del-trabajo-infantil\/\"> [&#8230;]<\/a><\/p>\n","protected":false},"author":1,"featured_media":21174,"comment_status":"closed","ping_status":"closed","sticky":false,"template":"","format":"standard","meta":{"footnotes":""},"categories":[4],"tags":[],"class_list":["post-21173","post","type-post","status-publish","format-standard","has-post-thumbnail","hentry","category-deportes"],"_links":{"self":[{"href":"https:\/\/sertv.gob.pa\/nacionalfm\/wp-json\/wp\/v2\/posts\/21173","targetHints":{"allow":["GET"]}}],"collection":[{"href":"https:\/\/sertv.gob.pa\/nacionalfm\/wp-json\/wp\/v2\/posts"}],"about":[{"href":"https:\/\/sertv.gob.pa\/nacionalfm\/wp-json\/wp\/v2\/types\/post"}],"author":[{"embeddable":true,"href":"https:\/\/sertv.gob.pa\/nacionalfm\/wp-json\/wp\/v2\/users\/1"}],"replies":[{"embeddable":true,"href":"https:\/\/sertv.gob.pa\/nacionalfm\/wp-json\/wp\/v2\/comments?post=21173"}],"version-history":[{"count":0,"href":"https:\/\/sertv.gob.pa\/nacionalfm\/wp-json\/wp\/v2\/posts\/21173\/revisions"}],"wp:featuredmedia":[{"embeddable":true,"href":"https:\/\/sertv.gob.pa\/nacionalfm\/wp-json\/wp\/v2\/media\/21174"}],"wp:attachment":[{"href":"https:\/\/sertv.gob.pa\/nacionalfm\/wp-json\/wp\/v2\/media?parent=21173"}],"wp:term":[{"taxonomy":"category","embeddable":true,"href":"https:\/\/sertv.gob.pa\/nacionalfm\/wp-json\/wp\/v2\/categories?post=21173"},{"taxonomy":"post_tag","embeddable":true,"href":"https:\/\/sertv.gob.pa\/nacionalfm\/wp-json\/wp\/v2\/tags?post=21173"}],"curies":[{"name":"wp","href":"https:\/\/api.w.org\/{rel}","templated":true}]}}