{"id":2118,"date":"2014-10-16T05:00:00","date_gmt":"2014-10-16T05:00:00","guid":{"rendered":""},"modified":"2014-10-16T05:00:00","modified_gmt":"2014-10-16T05:00:00","slug":"areas-del-hospital-luis-chicho-fabrega-fueron-desalojadas","status":"publish","type":"post","link":"https:\/\/sertv.gob.pa\/nacionalfm\/areas-del-hospital-luis-chicho-fabrega-fueron-desalojadas\/","title":{"rendered":"\u00c1reas del Hospital Luis \u201cChicho F\u00e1brega\u201d fueron desalojadas"},"content":{"rendered":"<p>\nPersonal del banco de sangre, fisioterapia y rayos X del hospital Luis &ldquo;Chicho&rdquo; F\u00e1brega fue desalojado ayer debido al humo que emanaba de las correas del sistema de aires acondicionados y que se esparci\u00f3 por varios sitios del nosocomio. <\/p>\n<p>El personal que trabaja en los mencionados departamentos permaneci\u00f3 en las afueras de las instalaciones por largas horas como medida de prevenci\u00f3n. <\/p>\n<p>Los funcionarios del hospital informaron que el olor era muy fuerte, lo que imped\u00eda la visibilidad y la respiraci\u00f3n, especialmente en los lugares donde se concentr\u00f3 el humo. <\/p>\n<p>La doctora Tatiana Quintero, directora del hospital regional doctor Luis Chicho F\u00e1brega, inform\u00f3 que no se trataba de una situaci\u00f3n cr\u00edtica o de riesgo, simplemente que el olor por el humo dej\u00f3 una mala sensaci\u00f3n en el ambiente que se respiraba, por lo que se procedi\u00f3 de esa manera. <\/p>\n<p>Dada la situaci\u00f3n, el personal t\u00e9cnico del hospital labora para normalizar la situaci\u00f3n y dar atenci\u00f3n en los departamentos a los que lleg\u00f3 el humo con fuerte olor a quemado que incomod\u00f3 a funcionarios y a particulares. <\/p>\n","protected":false},"excerpt":{"rendered":"<p>Personal del banco de sangre, fisioterapia y rayos X del <a href=\"https:\/\/sertv.gob.pa\/nacionalfm\/areas-del-hospital-luis-chicho-fabrega-fueron-desalojadas\/\"> [&#8230;]<\/a><\/p>\n","protected":false},"author":1,"featured_media":2119,"comment_status":"closed","ping_status":"closed","sticky":false,"template":"","format":"standard","meta":{"footnotes":""},"categories":[5],"tags":[],"class_list":["post-2118","post","type-post","status-publish","format-standard","has-post-thumbnail","hentry","category-salud"],"_links":{"self":[{"href":"https:\/\/sertv.gob.pa\/nacionalfm\/wp-json\/wp\/v2\/posts\/2118","targetHints":{"allow":["GET"]}}],"collection":[{"href":"https:\/\/sertv.gob.pa\/nacionalfm\/wp-json\/wp\/v2\/posts"}],"about":[{"href":"https:\/\/sertv.gob.pa\/nacionalfm\/wp-json\/wp\/v2\/types\/post"}],"author":[{"embeddable":true,"href":"https:\/\/sertv.gob.pa\/nacionalfm\/wp-json\/wp\/v2\/users\/1"}],"replies":[{"embeddable":true,"href":"https:\/\/sertv.gob.pa\/nacionalfm\/wp-json\/wp\/v2\/comments?post=2118"}],"version-history":[{"count":0,"href":"https:\/\/sertv.gob.pa\/nacionalfm\/wp-json\/wp\/v2\/posts\/2118\/revisions"}],"wp:featuredmedia":[{"embeddable":true,"href":"https:\/\/sertv.gob.pa\/nacionalfm\/wp-json\/wp\/v2\/media\/2119"}],"wp:attachment":[{"href":"https:\/\/sertv.gob.pa\/nacionalfm\/wp-json\/wp\/v2\/media?parent=2118"}],"wp:term":[{"taxonomy":"category","embeddable":true,"href":"https:\/\/sertv.gob.pa\/nacionalfm\/wp-json\/wp\/v2\/categories?post=2118"},{"taxonomy":"post_tag","embeddable":true,"href":"https:\/\/sertv.gob.pa\/nacionalfm\/wp-json\/wp\/v2\/tags?post=2118"}],"curies":[{"name":"wp","href":"https:\/\/api.w.org\/{rel}","templated":true}]}}