{"id":21183,"date":"2017-06-13T19:03:01","date_gmt":"2017-06-13T19:03:01","guid":{"rendered":""},"modified":"2017-06-13T19:03:01","modified_gmt":"2017-06-13T19:03:01","slug":"kokimbo-hernandez-logra-victoria-en-continental-de-honduras","status":"publish","type":"post","link":"https:\/\/sertv.gob.pa\/nacionalfm\/kokimbo-hernandez-logra-victoria-en-continental-de-honduras\/","title":{"rendered":"\u201cKokimbo\u201d Hern\u00e1ndez logra victoria en Continental de Honduras"},"content":{"rendered":"<p>\nEl agente de la Polic\u00eda Nacional de Panam\u00e1, Luis &ldquo;Kokimbo&rdquo; Hern\u00e1ndez logr\u00f3 una victoria al vencer al nicarag\u00fcense Lester Espino, en el Campeonato Continental de boxeo que se efect\u00faa en Tegucigalpa, Honduras, y que es clasificatorio en la rama masculina para el mundial de Hamburgo, Alemania, del 22 al 30 de septiembre pr\u00f3ximo. <\/p>\n<p>&ldquo;Kokimbo&rdquo; Hern\u00e1ndez tendr\u00e1 acci\u00f3n nuevamente ma\u00f1ana mi\u00e9rcoles 14 de junio al enfrentarse a un mexicano o un venezolano. <\/p>\n<p>Hoy entran en acci\u00f3n la campeona mundial paname\u00f1a Atheyna Bylon ante la canadiense Tammara Thibeault, en duelo que se llevar\u00e1 a cabo en el Coliseum Villa Ol\u00edmpica, de Tegucigalpa, Honduras. <\/p>\n<p>En el d\u00eda de hoy tambi\u00e9n combatir\u00e1n Charlie Wilson ante el nortamericano Freudis Rojas y Abelardo Gonz\u00e1lez se mide al puertorrique\u00f1o Josu\u00e9 Ojeda. <\/p>\n","protected":false},"excerpt":{"rendered":"<p>El agente de la Polic\u00eda Nacional de Panam\u00e1, Luis &ldquo;Kokimbo&rdquo; <a href=\"https:\/\/sertv.gob.pa\/nacionalfm\/kokimbo-hernandez-logra-victoria-en-continental-de-honduras\/\"> [&#8230;]<\/a><\/p>\n","protected":false},"author":1,"featured_media":21184,"comment_status":"closed","ping_status":"closed","sticky":false,"template":"","format":"standard","meta":{"footnotes":""},"categories":[4],"tags":[],"class_list":["post-21183","post","type-post","status-publish","format-standard","has-post-thumbnail","hentry","category-deportes"],"_links":{"self":[{"href":"https:\/\/sertv.gob.pa\/nacionalfm\/wp-json\/wp\/v2\/posts\/21183","targetHints":{"allow":["GET"]}}],"collection":[{"href":"https:\/\/sertv.gob.pa\/nacionalfm\/wp-json\/wp\/v2\/posts"}],"about":[{"href":"https:\/\/sertv.gob.pa\/nacionalfm\/wp-json\/wp\/v2\/types\/post"}],"author":[{"embeddable":true,"href":"https:\/\/sertv.gob.pa\/nacionalfm\/wp-json\/wp\/v2\/users\/1"}],"replies":[{"embeddable":true,"href":"https:\/\/sertv.gob.pa\/nacionalfm\/wp-json\/wp\/v2\/comments?post=21183"}],"version-history":[{"count":0,"href":"https:\/\/sertv.gob.pa\/nacionalfm\/wp-json\/wp\/v2\/posts\/21183\/revisions"}],"wp:featuredmedia":[{"embeddable":true,"href":"https:\/\/sertv.gob.pa\/nacionalfm\/wp-json\/wp\/v2\/media\/21184"}],"wp:attachment":[{"href":"https:\/\/sertv.gob.pa\/nacionalfm\/wp-json\/wp\/v2\/media?parent=21183"}],"wp:term":[{"taxonomy":"category","embeddable":true,"href":"https:\/\/sertv.gob.pa\/nacionalfm\/wp-json\/wp\/v2\/categories?post=21183"},{"taxonomy":"post_tag","embeddable":true,"href":"https:\/\/sertv.gob.pa\/nacionalfm\/wp-json\/wp\/v2\/tags?post=21183"}],"curies":[{"name":"wp","href":"https:\/\/api.w.org\/{rel}","templated":true}]}}