{"id":2120,"date":"2014-10-16T05:00:00","date_gmt":"2014-10-16T05:00:00","guid":{"rendered":""},"modified":"2014-10-16T05:00:00","modified_gmt":"2014-10-16T05:00:00","slug":"panama-recibe-apoyo-de-eu-para-enfrentar-el-ebola","status":"publish","type":"post","link":"https:\/\/sertv.gob.pa\/nacionalfm\/panama-recibe-apoyo-de-eu-para-enfrentar-el-ebola\/","title":{"rendered":"Panam\u00e1 recibe apoyo de EU para enfrentar El \u00c9bola"},"content":{"rendered":"<p>\nEl ministro consejero de Salud, Tem\u00edstocles D\u00edaz, explic\u00f3 que conversan con expertos de Atlanta para aplicar las medidas para enfrentar la eventual llegada de la enfermedad a Panam\u00e1. <\/p>\n<p>Por ello se conform\u00f3 una comisi\u00f3n inter-agencial que coordinar\u00e1 con los enlaces designados en cada entidad del Estado para que haya una sola l\u00ednea de comunicaci\u00f3n. <\/p>\n<p>Asimismo se design\u00f3 a cuatro personas que ser\u00e1n las encargadas de las zonas que se crearon para tratar los casos que se reporten. <\/p>\n<p>D\u00edaz manifest\u00f3 que har\u00e1n \u00e9nfasis en el Aeropuerto Internacional de Tocumen, porque es la amenaza m\u00e1s real de entrada del virus a Panam\u00e1. <\/p>\n<p>Por su parte, la detective epidemiol\u00f3gica Lourdes Moreno y 35 funcionarios especializados en este tema har\u00e1n la investigaci\u00f3n de los contagios si se presenta un caso. <\/p>\n<p>En relaci\u00f3n a la atenci\u00f3n del paciente, D\u00edaz inform\u00f3 que un grupo de funcionarios que recibi\u00f3 capacitaci\u00f3n para atender pacientes ser\u00e1 el encargado de la sala de aislamiento, ubicada en el Hospital Regional Docente de la 24 de Diciembre. <\/p>\n<p>\u00a0 <\/p>\n","protected":false},"excerpt":{"rendered":"<p>El ministro consejero de Salud, Tem\u00edstocles D\u00edaz, explic\u00f3 que conversan <a href=\"https:\/\/sertv.gob.pa\/nacionalfm\/panama-recibe-apoyo-de-eu-para-enfrentar-el-ebola\/\"> [&#8230;]<\/a><\/p>\n","protected":false},"author":1,"featured_media":2121,"comment_status":"closed","ping_status":"closed","sticky":false,"template":"","format":"standard","meta":{"footnotes":""},"categories":[5],"tags":[],"class_list":["post-2120","post","type-post","status-publish","format-standard","has-post-thumbnail","hentry","category-salud"],"_links":{"self":[{"href":"https:\/\/sertv.gob.pa\/nacionalfm\/wp-json\/wp\/v2\/posts\/2120","targetHints":{"allow":["GET"]}}],"collection":[{"href":"https:\/\/sertv.gob.pa\/nacionalfm\/wp-json\/wp\/v2\/posts"}],"about":[{"href":"https:\/\/sertv.gob.pa\/nacionalfm\/wp-json\/wp\/v2\/types\/post"}],"author":[{"embeddable":true,"href":"https:\/\/sertv.gob.pa\/nacionalfm\/wp-json\/wp\/v2\/users\/1"}],"replies":[{"embeddable":true,"href":"https:\/\/sertv.gob.pa\/nacionalfm\/wp-json\/wp\/v2\/comments?post=2120"}],"version-history":[{"count":0,"href":"https:\/\/sertv.gob.pa\/nacionalfm\/wp-json\/wp\/v2\/posts\/2120\/revisions"}],"wp:featuredmedia":[{"embeddable":true,"href":"https:\/\/sertv.gob.pa\/nacionalfm\/wp-json\/wp\/v2\/media\/2121"}],"wp:attachment":[{"href":"https:\/\/sertv.gob.pa\/nacionalfm\/wp-json\/wp\/v2\/media?parent=2120"}],"wp:term":[{"taxonomy":"category","embeddable":true,"href":"https:\/\/sertv.gob.pa\/nacionalfm\/wp-json\/wp\/v2\/categories?post=2120"},{"taxonomy":"post_tag","embeddable":true,"href":"https:\/\/sertv.gob.pa\/nacionalfm\/wp-json\/wp\/v2\/tags?post=2120"}],"curies":[{"name":"wp","href":"https:\/\/api.w.org\/{rel}","templated":true}]}}