{"id":21205,"date":"2017-06-14T15:54:30","date_gmt":"2017-06-14T15:54:30","guid":{"rendered":""},"modified":"2017-06-14T15:54:30","modified_gmt":"2017-06-14T15:54:30","slug":"comibox-aprueba-pelea-de-laura-ledezma-en-disputa-de-titulo-fedelatin","status":"publish","type":"post","link":"https:\/\/sertv.gob.pa\/nacionalfm\/comibox-aprueba-pelea-de-laura-ledezma-en-disputa-de-titulo-fedelatin\/","title":{"rendered":"COMIBOX aprueba pelea de Laura Ledezma en disputa de t\u00edtulo FEDELATIN"},"content":{"rendered":"<p>\nLa Comisi\u00f3n de Boxeo Profesional de Panam\u00e1 aprob\u00f3 en la reuni\u00f3n del lunes la pelea entre Laura Ledezma de Panam\u00e1 y la venezolana Claudia Mu\u00f1oz, quien viene de vencer a la ex campeona mundial paname\u00f1a, la chiricana Chantal &ldquo;La Fiera&rdquo; Mart\u00ednez. <\/p>\n<p>El encuentro se llevar\u00e1 a cabo el pr\u00f3ximo viernes 30 de junio en los Andes Mall, y en el mismo se disputar\u00e1 el t\u00edtulo FEDELATIN supergallo de la Asociaci\u00f3n Mundial de boxeo. <\/p>\n<p>\u00a0 <\/p>\n<p>\u00a0 <\/p>\n","protected":false},"excerpt":{"rendered":"<p>La Comisi\u00f3n de Boxeo Profesional de Panam\u00e1 aprob\u00f3 en la <a href=\"https:\/\/sertv.gob.pa\/nacionalfm\/comibox-aprueba-pelea-de-laura-ledezma-en-disputa-de-titulo-fedelatin\/\"> [&#8230;]<\/a><\/p>\n","protected":false},"author":1,"featured_media":21206,"comment_status":"closed","ping_status":"closed","sticky":false,"template":"","format":"standard","meta":{"footnotes":""},"categories":[4],"tags":[],"class_list":["post-21205","post","type-post","status-publish","format-standard","has-post-thumbnail","hentry","category-deportes"],"_links":{"self":[{"href":"https:\/\/sertv.gob.pa\/nacionalfm\/wp-json\/wp\/v2\/posts\/21205","targetHints":{"allow":["GET"]}}],"collection":[{"href":"https:\/\/sertv.gob.pa\/nacionalfm\/wp-json\/wp\/v2\/posts"}],"about":[{"href":"https:\/\/sertv.gob.pa\/nacionalfm\/wp-json\/wp\/v2\/types\/post"}],"author":[{"embeddable":true,"href":"https:\/\/sertv.gob.pa\/nacionalfm\/wp-json\/wp\/v2\/users\/1"}],"replies":[{"embeddable":true,"href":"https:\/\/sertv.gob.pa\/nacionalfm\/wp-json\/wp\/v2\/comments?post=21205"}],"version-history":[{"count":0,"href":"https:\/\/sertv.gob.pa\/nacionalfm\/wp-json\/wp\/v2\/posts\/21205\/revisions"}],"wp:featuredmedia":[{"embeddable":true,"href":"https:\/\/sertv.gob.pa\/nacionalfm\/wp-json\/wp\/v2\/media\/21206"}],"wp:attachment":[{"href":"https:\/\/sertv.gob.pa\/nacionalfm\/wp-json\/wp\/v2\/media?parent=21205"}],"wp:term":[{"taxonomy":"category","embeddable":true,"href":"https:\/\/sertv.gob.pa\/nacionalfm\/wp-json\/wp\/v2\/categories?post=21205"},{"taxonomy":"post_tag","embeddable":true,"href":"https:\/\/sertv.gob.pa\/nacionalfm\/wp-json\/wp\/v2\/tags?post=21205"}],"curies":[{"name":"wp","href":"https:\/\/api.w.org\/{rel}","templated":true}]}}