{"id":21221,"date":"2017-06-14T20:50:06","date_gmt":"2017-06-14T20:50:06","guid":{"rendered":""},"modified":"2017-06-14T20:50:06","modified_gmt":"2017-06-14T20:50:06","slug":"calicho-ruiz-lanza-por-primera-vez-en-grandes-ligas","status":"publish","type":"post","link":"https:\/\/sertv.gob.pa\/nacionalfm\/calicho-ruiz-lanza-por-primera-vez-en-grandes-ligas\/","title":{"rendered":"\u201cCalicho\u201d Ruiz lanza por primera vez en Grandes Ligas"},"content":{"rendered":"<p>\nEl receptor paname\u00f1o Carlos &ldquo;Calicho&rdquo; Ruiz, lanz\u00f3 por primera vez en Grandes Ligas, para su equipo Los Marineros de Seattle, en el que su equipo perdi\u00f3 20-7 ante los Mellizos de Minnesota. <\/p>\n<p>Ayer martes, &ldquo;Calicho&rdquo; Ruiz tuvo su primera actuaci\u00f3n como lanzador en las Grandes Ligas en un partido en el que el pitcheo de los Marineros fue duramente golpeado. <\/p>\n<p>Con una anotaci\u00f3n de 19-6 en contra, la direcci\u00f3n de los Marineros opt\u00f3 por traer a Ruiz, quien no hab\u00eda jugado en el partido para que lanzara la octava entrada. <\/p>\n","protected":false},"excerpt":{"rendered":"<p>El receptor paname\u00f1o Carlos &ldquo;Calicho&rdquo; Ruiz, lanz\u00f3 por primera vez <a href=\"https:\/\/sertv.gob.pa\/nacionalfm\/calicho-ruiz-lanza-por-primera-vez-en-grandes-ligas\/\"> [&#8230;]<\/a><\/p>\n","protected":false},"author":1,"featured_media":21222,"comment_status":"closed","ping_status":"closed","sticky":false,"template":"","format":"standard","meta":{"footnotes":""},"categories":[4],"tags":[],"class_list":["post-21221","post","type-post","status-publish","format-standard","has-post-thumbnail","hentry","category-deportes"],"_links":{"self":[{"href":"https:\/\/sertv.gob.pa\/nacionalfm\/wp-json\/wp\/v2\/posts\/21221","targetHints":{"allow":["GET"]}}],"collection":[{"href":"https:\/\/sertv.gob.pa\/nacionalfm\/wp-json\/wp\/v2\/posts"}],"about":[{"href":"https:\/\/sertv.gob.pa\/nacionalfm\/wp-json\/wp\/v2\/types\/post"}],"author":[{"embeddable":true,"href":"https:\/\/sertv.gob.pa\/nacionalfm\/wp-json\/wp\/v2\/users\/1"}],"replies":[{"embeddable":true,"href":"https:\/\/sertv.gob.pa\/nacionalfm\/wp-json\/wp\/v2\/comments?post=21221"}],"version-history":[{"count":0,"href":"https:\/\/sertv.gob.pa\/nacionalfm\/wp-json\/wp\/v2\/posts\/21221\/revisions"}],"wp:featuredmedia":[{"embeddable":true,"href":"https:\/\/sertv.gob.pa\/nacionalfm\/wp-json\/wp\/v2\/media\/21222"}],"wp:attachment":[{"href":"https:\/\/sertv.gob.pa\/nacionalfm\/wp-json\/wp\/v2\/media?parent=21221"}],"wp:term":[{"taxonomy":"category","embeddable":true,"href":"https:\/\/sertv.gob.pa\/nacionalfm\/wp-json\/wp\/v2\/categories?post=21221"},{"taxonomy":"post_tag","embeddable":true,"href":"https:\/\/sertv.gob.pa\/nacionalfm\/wp-json\/wp\/v2\/tags?post=21221"}],"curies":[{"name":"wp","href":"https:\/\/api.w.org\/{rel}","templated":true}]}}