{"id":21223,"date":"2017-06-14T21:28:20","date_gmt":"2017-06-14T21:28:20","guid":{"rendered":""},"modified":"2017-06-14T21:28:20","modified_gmt":"2017-06-14T21:28:20","slug":"pierde-atheyna-bylon-ante-canadiense-thibeault-por-decision-dividida","status":"publish","type":"post","link":"https:\/\/sertv.gob.pa\/nacionalfm\/pierde-atheyna-bylon-ante-canadiense-thibeault-por-decision-dividida\/","title":{"rendered":"Pierde Atheyna Bylon ante canadiense Thibeault por decisi\u00f3n dividida"},"content":{"rendered":"<p>\nAtheyna Bylon, sargento II de la Polic\u00eda Nacional perdi\u00f3 por decisi\u00f3n dividida ante la canadiense Tammara Thibveault, en pleito correspondiente al Campeonato de Boxeo Continental que se desarrolla en Tegucigalpa Honduras. <\/p>\n<p>Bylon quien cuenta con 28 a\u00f1os de edad compiti\u00f3 en los 75 kilogr\u00e1mos. <\/p>\n<p>Esta noche combatir\u00e1n dos paname\u00f1os m\u00e1s, en cuartos de finales Charlie Wilson se mide a Freudis Rojas de los Esta\u00f1dos Unidos y Luis &ldquo;Kokimbo&rdquo; Hern\u00e1ndez se las ver\u00e1 con el mexicano H\u00e9ctor Aguirre. Los boxeadores paname\u00f1os son asistidos por el teniente Gustavo Caicedo quien funge como entrenador del equipo. <\/p>\n<p>El evento se celebra en Honduras desde el s\u00e1bado, con la participaci\u00f3n de m\u00e1s de 200 pugilistas de 23 pa\u00edses, es clasificatorio, solamente en masculino, para el XIX Campeonato Mundial de Boxeo Aficionado que se celebrar\u00e1 del 22 al 30 de septiembre en Hamburgo, Alemania. <\/p>\n<p>\u00a0 <\/p>\n","protected":false},"excerpt":{"rendered":"<p>Atheyna Bylon, sargento II de la Polic\u00eda Nacional perdi\u00f3 por <a href=\"https:\/\/sertv.gob.pa\/nacionalfm\/pierde-atheyna-bylon-ante-canadiense-thibeault-por-decision-dividida\/\"> [&#8230;]<\/a><\/p>\n","protected":false},"author":1,"featured_media":21224,"comment_status":"closed","ping_status":"closed","sticky":false,"template":"","format":"standard","meta":{"footnotes":""},"categories":[4],"tags":[],"class_list":["post-21223","post","type-post","status-publish","format-standard","has-post-thumbnail","hentry","category-deportes"],"_links":{"self":[{"href":"https:\/\/sertv.gob.pa\/nacionalfm\/wp-json\/wp\/v2\/posts\/21223","targetHints":{"allow":["GET"]}}],"collection":[{"href":"https:\/\/sertv.gob.pa\/nacionalfm\/wp-json\/wp\/v2\/posts"}],"about":[{"href":"https:\/\/sertv.gob.pa\/nacionalfm\/wp-json\/wp\/v2\/types\/post"}],"author":[{"embeddable":true,"href":"https:\/\/sertv.gob.pa\/nacionalfm\/wp-json\/wp\/v2\/users\/1"}],"replies":[{"embeddable":true,"href":"https:\/\/sertv.gob.pa\/nacionalfm\/wp-json\/wp\/v2\/comments?post=21223"}],"version-history":[{"count":0,"href":"https:\/\/sertv.gob.pa\/nacionalfm\/wp-json\/wp\/v2\/posts\/21223\/revisions"}],"wp:featuredmedia":[{"embeddable":true,"href":"https:\/\/sertv.gob.pa\/nacionalfm\/wp-json\/wp\/v2\/media\/21224"}],"wp:attachment":[{"href":"https:\/\/sertv.gob.pa\/nacionalfm\/wp-json\/wp\/v2\/media?parent=21223"}],"wp:term":[{"taxonomy":"category","embeddable":true,"href":"https:\/\/sertv.gob.pa\/nacionalfm\/wp-json\/wp\/v2\/categories?post=21223"},{"taxonomy":"post_tag","embeddable":true,"href":"https:\/\/sertv.gob.pa\/nacionalfm\/wp-json\/wp\/v2\/tags?post=21223"}],"curies":[{"name":"wp","href":"https:\/\/api.w.org\/{rel}","templated":true}]}}