{"id":21225,"date":"2017-06-14T22:53:59","date_gmt":"2017-06-14T22:53:59","guid":{"rendered":""},"modified":"2017-06-14T22:53:59","modified_gmt":"2017-06-14T22:53:59","slug":"celebran-dia-olimpico-2017","status":"publish","type":"post","link":"https:\/\/sertv.gob.pa\/nacionalfm\/celebran-dia-olimpico-2017\/","title":{"rendered":"Celebran D\u00eda Ol\u00edmpico 2017"},"content":{"rendered":"<p>\nEl Comit\u00e9 Ol\u00edmpico de Panam\u00e1 organiza las Tardes Ol\u00edmpicas 2017 con motivo de la celebraci\u00f3n del D\u00eda Ol\u00edmpico, y que tiene como prop\u00f3sito conmemorar el nacimiento de los Juegos Ol\u00edmpicos Modernos, y el mismo busca promover la pr\u00e1ctica del deporte en todo el mundo independientemente de la edad, g\u00e9nero, raza, credo o habilidad atl\u00e9tica. <\/p>\n<p>Se llevar\u00e1n\u00a0a cabo\u00a0los d\u00edas viernes 23, s\u00e1bado 24 desde las 3:00 p.m. y contaremos con exhibiciones\u00a0de Esgrima, Boxeo, Judo, Lucha, Karate, Taekwondo, Baloncesto, Tenis, Tenis de Mesa y m\u00e1s.\u00a0 <\/p>\n<p>El d\u00eda domingo 25 se estar\u00e1 llevando a cabo a las 6:30 a.m. la carrera Ol\u00edmpica para la cual los invitamos a que participen con toda la familia del deporte paname\u00f1o y as\u00ed podamos convivir en un ambiente rodeado de deporte y salud.\u00a0 <\/p>\n<p>\u00a0 <\/p>\n","protected":false},"excerpt":{"rendered":"<p>El Comit\u00e9 Ol\u00edmpico de Panam\u00e1 organiza las Tardes Ol\u00edmpicas 2017 <a href=\"https:\/\/sertv.gob.pa\/nacionalfm\/celebran-dia-olimpico-2017\/\"> [&#8230;]<\/a><\/p>\n","protected":false},"author":1,"featured_media":21226,"comment_status":"closed","ping_status":"closed","sticky":false,"template":"","format":"standard","meta":{"footnotes":""},"categories":[4],"tags":[],"class_list":["post-21225","post","type-post","status-publish","format-standard","has-post-thumbnail","hentry","category-deportes"],"_links":{"self":[{"href":"https:\/\/sertv.gob.pa\/nacionalfm\/wp-json\/wp\/v2\/posts\/21225","targetHints":{"allow":["GET"]}}],"collection":[{"href":"https:\/\/sertv.gob.pa\/nacionalfm\/wp-json\/wp\/v2\/posts"}],"about":[{"href":"https:\/\/sertv.gob.pa\/nacionalfm\/wp-json\/wp\/v2\/types\/post"}],"author":[{"embeddable":true,"href":"https:\/\/sertv.gob.pa\/nacionalfm\/wp-json\/wp\/v2\/users\/1"}],"replies":[{"embeddable":true,"href":"https:\/\/sertv.gob.pa\/nacionalfm\/wp-json\/wp\/v2\/comments?post=21225"}],"version-history":[{"count":0,"href":"https:\/\/sertv.gob.pa\/nacionalfm\/wp-json\/wp\/v2\/posts\/21225\/revisions"}],"wp:featuredmedia":[{"embeddable":true,"href":"https:\/\/sertv.gob.pa\/nacionalfm\/wp-json\/wp\/v2\/media\/21226"}],"wp:attachment":[{"href":"https:\/\/sertv.gob.pa\/nacionalfm\/wp-json\/wp\/v2\/media?parent=21225"}],"wp:term":[{"taxonomy":"category","embeddable":true,"href":"https:\/\/sertv.gob.pa\/nacionalfm\/wp-json\/wp\/v2\/categories?post=21225"},{"taxonomy":"post_tag","embeddable":true,"href":"https:\/\/sertv.gob.pa\/nacionalfm\/wp-json\/wp\/v2\/tags?post=21225"}],"curies":[{"name":"wp","href":"https:\/\/api.w.org\/{rel}","templated":true}]}}