{"id":21235,"date":"2017-06-15T15:53:52","date_gmt":"2017-06-15T15:53:52","guid":{"rendered":""},"modified":"2017-06-15T15:53:52","modified_gmt":"2017-06-15T15:53:52","slug":"le-cambian-rival-al-nica-concepcion","status":"publish","type":"post","link":"https:\/\/sertv.gob.pa\/nacionalfm\/le-cambian-rival-al-nica-concepcion\/","title":{"rendered":"Le cambian rival \u201cAl Nica\u201d Concepci\u00f3n"},"content":{"rendered":"<p>\nLuis &ldquo;El Nica&rdquo; Concepci\u00f3n no se enfrentar\u00e1 a Ronald Ramos, sino que se medir\u00e1 a otro colombiano, ex retador mundialista Luis De La Rosa. <\/p>\n<p>Concepci\u00f3n y De La Rosa chocar\u00e1n en 115 libras y 8 asaltos en el pleito estelar de la funci\u00f3n &ldquo;Puro Poder&rdquo; el 5 de julio en el Fantastic Casino de Albrook Mall. <\/p>\n<p>Luis De La Rosa cuenta con un r\u00e9cord de 25 victorias, 8 derrotas y un empate, con 15 combates definidos por la ruta m\u00e1s corta. <\/p>\n<p>El colombiano tiene un r\u00e9cord similar al de su rival &ldquo;El Nica&rdquo; Concepci\u00f3n, inici\u00f3 muy bien su carrera pugil\u00edstica y \u00faltimamente tiene altibajos en peleas de relevante importancia. <\/p>\n<p>Perdi\u00f3 su invicto el 30 de octubre del 2010 en disputa del t\u00edtulo interino de los pesos minimoscas de la Organizaci\u00f3n Mundial de Boxeo ante Ra\u00fal Garc\u00eda perdiendo por decisi\u00f3n dividida, recibe otra oportunidad por el mismo t\u00edtulo y pierde por K.O.T. ante Merlito Sabillo. <\/p>\n<p>Disput\u00f3 el t\u00edtulo interino de los minimoscas de la OMB al mexicano Mois\u00e9s Fuente y perdi\u00f3 por K.O.T. en Chiapas, M\u00e9xico, tambi\u00e9n disput\u00f3 el t\u00edtulo minimosca de la Asociaci\u00f3n Mundial de Boxeo en Tokio, Jap\u00f3n ante Ryochi Taguchi y perdi\u00f3 por decisi\u00f3n t\u00e9cnica. <\/p>\n<p>Tiene victorias sobre el venezolano Jos\u00e9 Luis Varela y Luis Doria con quien gan\u00f3 el campeonato nacional minimosca de Colombia. <\/p>\n<p>\u00a0 <\/p>\n","protected":false},"excerpt":{"rendered":"<p>Luis &ldquo;El Nica&rdquo; Concepci\u00f3n no se enfrentar\u00e1 a Ronald Ramos, <a href=\"https:\/\/sertv.gob.pa\/nacionalfm\/le-cambian-rival-al-nica-concepcion\/\"> [&#8230;]<\/a><\/p>\n","protected":false},"author":1,"featured_media":21236,"comment_status":"closed","ping_status":"closed","sticky":false,"template":"","format":"standard","meta":{"footnotes":""},"categories":[4],"tags":[],"class_list":["post-21235","post","type-post","status-publish","format-standard","has-post-thumbnail","hentry","category-deportes"],"_links":{"self":[{"href":"https:\/\/sertv.gob.pa\/nacionalfm\/wp-json\/wp\/v2\/posts\/21235","targetHints":{"allow":["GET"]}}],"collection":[{"href":"https:\/\/sertv.gob.pa\/nacionalfm\/wp-json\/wp\/v2\/posts"}],"about":[{"href":"https:\/\/sertv.gob.pa\/nacionalfm\/wp-json\/wp\/v2\/types\/post"}],"author":[{"embeddable":true,"href":"https:\/\/sertv.gob.pa\/nacionalfm\/wp-json\/wp\/v2\/users\/1"}],"replies":[{"embeddable":true,"href":"https:\/\/sertv.gob.pa\/nacionalfm\/wp-json\/wp\/v2\/comments?post=21235"}],"version-history":[{"count":0,"href":"https:\/\/sertv.gob.pa\/nacionalfm\/wp-json\/wp\/v2\/posts\/21235\/revisions"}],"wp:featuredmedia":[{"embeddable":true,"href":"https:\/\/sertv.gob.pa\/nacionalfm\/wp-json\/wp\/v2\/media\/21236"}],"wp:attachment":[{"href":"https:\/\/sertv.gob.pa\/nacionalfm\/wp-json\/wp\/v2\/media?parent=21235"}],"wp:term":[{"taxonomy":"category","embeddable":true,"href":"https:\/\/sertv.gob.pa\/nacionalfm\/wp-json\/wp\/v2\/categories?post=21235"},{"taxonomy":"post_tag","embeddable":true,"href":"https:\/\/sertv.gob.pa\/nacionalfm\/wp-json\/wp\/v2\/tags?post=21235"}],"curies":[{"name":"wp","href":"https:\/\/api.w.org\/{rel}","templated":true}]}}