{"id":21247,"date":"2017-06-15T16:36:31","date_gmt":"2017-06-15T16:36:31","guid":{"rendered":""},"modified":"2017-06-15T16:36:31","modified_gmt":"2017-06-15T16:36:31","slug":"jorman-aguilar-a-primera-division-del-estoril-de-portugal","status":"publish","type":"post","link":"https:\/\/sertv.gob.pa\/nacionalfm\/jorman-aguilar-a-primera-division-del-estoril-de-portugal\/","title":{"rendered":"Jorman Aguilar a primera divisi\u00f3n del Estoril de Portugal"},"content":{"rendered":"<p>\nEl paname\u00f1o Jorman Aguilar tendr\u00e1 la oportunidad de jugar la pr\u00f3xima temporada en el Estoril de la primera divisi\u00f3n de Portugal. <\/p>\n<p>Aguilar fue presentado al club luso, con el cual ha fichado por las pr\u00f3ximas tres temporadas, luego de estar en el club en las categor\u00edas inferiores desde hace tres a\u00f1os. <\/p>\n<p>Aguilar cuenta con 22 a\u00f1os de edad particip\u00f3 en la Copa del Mundo en la categor\u00eda Sub-17 en el a\u00f1o 2011, en la que anot\u00f3 goles ante Burkina Faso y Ecuador. <\/p>\n<p>Inici\u00f3 su carrera futbol\u00edstica en el a\u00f1o 2013 con el R\u00edo Abajo, habiendo tenido pasajes en equipos como el Parma de Italia, ND Gorica de Eslovaquia y el NK Istra 1961 de Croacia. <\/p>\n<p>Tras un paso por el CAI de La Chorrera y al Tauro FC en Panam\u00e1, fich\u00f3 con el Sporting Clube Olhanense de la Segunda Divisi\u00f3n de Portugal, donde anot\u00f3 11 goles en 40 partidos disputados. <\/p>\n","protected":false},"excerpt":{"rendered":"<p>El paname\u00f1o Jorman Aguilar tendr\u00e1 la oportunidad de jugar la <a href=\"https:\/\/sertv.gob.pa\/nacionalfm\/jorman-aguilar-a-primera-division-del-estoril-de-portugal\/\"> [&#8230;]<\/a><\/p>\n","protected":false},"author":1,"featured_media":21248,"comment_status":"closed","ping_status":"closed","sticky":false,"template":"","format":"standard","meta":{"footnotes":""},"categories":[4],"tags":[],"class_list":["post-21247","post","type-post","status-publish","format-standard","has-post-thumbnail","hentry","category-deportes"],"_links":{"self":[{"href":"https:\/\/sertv.gob.pa\/nacionalfm\/wp-json\/wp\/v2\/posts\/21247","targetHints":{"allow":["GET"]}}],"collection":[{"href":"https:\/\/sertv.gob.pa\/nacionalfm\/wp-json\/wp\/v2\/posts"}],"about":[{"href":"https:\/\/sertv.gob.pa\/nacionalfm\/wp-json\/wp\/v2\/types\/post"}],"author":[{"embeddable":true,"href":"https:\/\/sertv.gob.pa\/nacionalfm\/wp-json\/wp\/v2\/users\/1"}],"replies":[{"embeddable":true,"href":"https:\/\/sertv.gob.pa\/nacionalfm\/wp-json\/wp\/v2\/comments?post=21247"}],"version-history":[{"count":0,"href":"https:\/\/sertv.gob.pa\/nacionalfm\/wp-json\/wp\/v2\/posts\/21247\/revisions"}],"wp:featuredmedia":[{"embeddable":true,"href":"https:\/\/sertv.gob.pa\/nacionalfm\/wp-json\/wp\/v2\/media\/21248"}],"wp:attachment":[{"href":"https:\/\/sertv.gob.pa\/nacionalfm\/wp-json\/wp\/v2\/media?parent=21247"}],"wp:term":[{"taxonomy":"category","embeddable":true,"href":"https:\/\/sertv.gob.pa\/nacionalfm\/wp-json\/wp\/v2\/categories?post=21247"},{"taxonomy":"post_tag","embeddable":true,"href":"https:\/\/sertv.gob.pa\/nacionalfm\/wp-json\/wp\/v2\/tags?post=21247"}],"curies":[{"name":"wp","href":"https:\/\/api.w.org\/{rel}","templated":true}]}}