{"id":21249,"date":"2017-06-15T17:04:04","date_gmt":"2017-06-15T17:04:04","guid":{"rendered":""},"modified":"2017-06-15T17:04:04","modified_gmt":"2017-06-15T17:04:04","slug":"leroy-estrada-vuelve-a-los-entrenamientos-para-encuentro-titular","status":"publish","type":"post","link":"https:\/\/sertv.gob.pa\/nacionalfm\/leroy-estrada-vuelve-a-los-entrenamientos-para-encuentro-titular\/","title":{"rendered":"Leroy Estrada vuelve a los entrenamientos para encuentro titular"},"content":{"rendered":"<p>\nLeroy &ldquo;El Sensacional&rdquo; Estrada volvi\u00f3 a los entrenamientos seg\u00fan manifestaron a Nacional FM sus entrenadores Celso Ch\u00e1vez y Enrique &ldquo;Papi&rdquo; Torres. <\/p>\n<p>Estrada volvi\u00f3 aproximadamente en 130 libras pero ya est\u00e1 bajando a 125, aclar\u00f3 &ldquo;Papi&rdquo; Torres. <\/p>\n<p>Por su parte Celso Ch\u00e1vez su entrenador oficial exterioriz\u00f3 que los entrenamientos de Estrada est\u00e1n concentrados en su encuentro titular ante el campe\u00f3n m\u00ednimo del Consejo Mundial de Boxeo, el tailand\u00e9s Wanbheng Menayothin. <\/p>\n<p>Leroy es el primer retador del CMB y viene de vencer en combate eliminatorio al mexicano Sa\u00fal &ldquo;El Baby&rdquo; Ju\u00e1rez por decisi\u00f3n un\u00e1nime de los jueces. <\/p>\n","protected":false},"excerpt":{"rendered":"<p>Leroy &ldquo;El Sensacional&rdquo; Estrada volvi\u00f3 a los entrenamientos seg\u00fan manifestaron <a href=\"https:\/\/sertv.gob.pa\/nacionalfm\/leroy-estrada-vuelve-a-los-entrenamientos-para-encuentro-titular\/\"> [&#8230;]<\/a><\/p>\n","protected":false},"author":1,"featured_media":21250,"comment_status":"closed","ping_status":"closed","sticky":false,"template":"","format":"standard","meta":{"footnotes":""},"categories":[4],"tags":[],"class_list":["post-21249","post","type-post","status-publish","format-standard","has-post-thumbnail","hentry","category-deportes"],"_links":{"self":[{"href":"https:\/\/sertv.gob.pa\/nacionalfm\/wp-json\/wp\/v2\/posts\/21249","targetHints":{"allow":["GET"]}}],"collection":[{"href":"https:\/\/sertv.gob.pa\/nacionalfm\/wp-json\/wp\/v2\/posts"}],"about":[{"href":"https:\/\/sertv.gob.pa\/nacionalfm\/wp-json\/wp\/v2\/types\/post"}],"author":[{"embeddable":true,"href":"https:\/\/sertv.gob.pa\/nacionalfm\/wp-json\/wp\/v2\/users\/1"}],"replies":[{"embeddable":true,"href":"https:\/\/sertv.gob.pa\/nacionalfm\/wp-json\/wp\/v2\/comments?post=21249"}],"version-history":[{"count":0,"href":"https:\/\/sertv.gob.pa\/nacionalfm\/wp-json\/wp\/v2\/posts\/21249\/revisions"}],"wp:featuredmedia":[{"embeddable":true,"href":"https:\/\/sertv.gob.pa\/nacionalfm\/wp-json\/wp\/v2\/media\/21250"}],"wp:attachment":[{"href":"https:\/\/sertv.gob.pa\/nacionalfm\/wp-json\/wp\/v2\/media?parent=21249"}],"wp:term":[{"taxonomy":"category","embeddable":true,"href":"https:\/\/sertv.gob.pa\/nacionalfm\/wp-json\/wp\/v2\/categories?post=21249"},{"taxonomy":"post_tag","embeddable":true,"href":"https:\/\/sertv.gob.pa\/nacionalfm\/wp-json\/wp\/v2\/tags?post=21249"}],"curies":[{"name":"wp","href":"https:\/\/api.w.org\/{rel}","templated":true}]}}