{"id":21253,"date":"2017-06-15T17:09:07","date_gmt":"2017-06-15T17:09:07","guid":{"rendered":""},"modified":"2017-06-15T17:09:07","modified_gmt":"2017-06-15T17:09:07","slug":"paolo-espino-nuevamente-ascendido-al-equipo-grande-de-los-cerveceros","status":"publish","type":"post","link":"https:\/\/sertv.gob.pa\/nacionalfm\/paolo-espino-nuevamente-ascendido-al-equipo-grande-de-los-cerveceros\/","title":{"rendered":"Paolo Espino nuevamente ascendido al equipo grande de los Cerveceros"},"content":{"rendered":"<p>\nLos Cerveceros de Milwaukee ascendieron nuevamente al lanzador paname\u00f1o Paolo Espino al equipo grande. <\/p>\n<p>La de Espino ser\u00e1 la tercera estad\u00eda con los Cerveceros en esta temporada, aunque en esta ocasi\u00f3n har\u00e1 labores de relevista y no de abridor como en las dos primeras. <\/p>\n<p>El lanzador paname\u00f1o de 30 a\u00f1os ocupar\u00e1 el puesto de Brandon Woodruff, quien fue colocado en lista de lesionados de 10 d\u00edas por problemas en el tend\u00f3n de la corva de su pierna derecha. <\/p>\n<p>Este a\u00f1o Paolo ha tenido dos aperturas ante los Cachorros de Chicago y los Gigantes de San Francisco, pero en ambas ha salido sin decisi\u00f3n tras 4 episodios en cada uno de esos juegos, con una efectividad de 5.63 con seis ponches recetados. <\/p>\n","protected":false},"excerpt":{"rendered":"<p>Los Cerveceros de Milwaukee ascendieron nuevamente al lanzador paname\u00f1o Paolo <a href=\"https:\/\/sertv.gob.pa\/nacionalfm\/paolo-espino-nuevamente-ascendido-al-equipo-grande-de-los-cerveceros\/\"> [&#8230;]<\/a><\/p>\n","protected":false},"author":1,"featured_media":21254,"comment_status":"closed","ping_status":"closed","sticky":false,"template":"","format":"standard","meta":{"footnotes":""},"categories":[4],"tags":[],"class_list":["post-21253","post","type-post","status-publish","format-standard","has-post-thumbnail","hentry","category-deportes"],"_links":{"self":[{"href":"https:\/\/sertv.gob.pa\/nacionalfm\/wp-json\/wp\/v2\/posts\/21253","targetHints":{"allow":["GET"]}}],"collection":[{"href":"https:\/\/sertv.gob.pa\/nacionalfm\/wp-json\/wp\/v2\/posts"}],"about":[{"href":"https:\/\/sertv.gob.pa\/nacionalfm\/wp-json\/wp\/v2\/types\/post"}],"author":[{"embeddable":true,"href":"https:\/\/sertv.gob.pa\/nacionalfm\/wp-json\/wp\/v2\/users\/1"}],"replies":[{"embeddable":true,"href":"https:\/\/sertv.gob.pa\/nacionalfm\/wp-json\/wp\/v2\/comments?post=21253"}],"version-history":[{"count":0,"href":"https:\/\/sertv.gob.pa\/nacionalfm\/wp-json\/wp\/v2\/posts\/21253\/revisions"}],"wp:featuredmedia":[{"embeddable":true,"href":"https:\/\/sertv.gob.pa\/nacionalfm\/wp-json\/wp\/v2\/media\/21254"}],"wp:attachment":[{"href":"https:\/\/sertv.gob.pa\/nacionalfm\/wp-json\/wp\/v2\/media?parent=21253"}],"wp:term":[{"taxonomy":"category","embeddable":true,"href":"https:\/\/sertv.gob.pa\/nacionalfm\/wp-json\/wp\/v2\/categories?post=21253"},{"taxonomy":"post_tag","embeddable":true,"href":"https:\/\/sertv.gob.pa\/nacionalfm\/wp-json\/wp\/v2\/tags?post=21253"}],"curies":[{"name":"wp","href":"https:\/\/api.w.org\/{rel}","templated":true}]}}