{"id":21281,"date":"2017-06-16T20:24:30","date_gmt":"2017-06-16T20:24:30","guid":{"rendered":""},"modified":"2017-06-16T20:24:30","modified_gmt":"2017-06-16T20:24:30","slug":"gerardo-murillo-pelea-ante-pugil-tico-en-parita-provincia-de-herrera","status":"publish","type":"post","link":"https:\/\/sertv.gob.pa\/nacionalfm\/gerardo-murillo-pelea-ante-pugil-tico-en-parita-provincia-de-herrera\/","title":{"rendered":"Gerardo Murillo pelea ante p\u00fagil tico en Parita, provincia de Herrera"},"content":{"rendered":"<p>\nEn conferencia de prensa se confirm\u00f3 la presentaci\u00f3n en pelea estelar de Gerardo &ldquo;Pica Pica&rdquo; Murillo con el p\u00fagil costarricense Leonel Alburola el pr\u00f3ximo 2 de julio, en el Jard\u00edn la Tacita de Oro de Parita, provincia de Herrera. <\/p>\n<p>En otros combates de la jornada el invicto Orlando &ldquo;El Virus&rdquo; Mosquera se enfrenta al verag\u00fcense Caled Rodr\u00edguez, el peruano Cristian C\u00e9spedes debuta ante otro debutante de Venezuela Kleimer Rojas. <\/p>\n<p>El chiricano \u00c1ngel Mojica tambi\u00e9n debutar\u00e1 ante el tambi\u00e9n debutante del Dari\u00e9n Eliseo De Le\u00f3n, Jaison Lozada otro debutante lo har\u00e1 ante Keibis Rueda quien tambi\u00e9n har\u00e1 su primera pelea profesional. <\/p>\n<p>Otro debutante es Jaime Valdespino quien se medir\u00e1 al chiricano Jos\u00e9 Bernal, en tanto que el venezolano Wister Garc\u00eda se las ver\u00e1 con Deibis Reyes. <\/p>\n","protected":false},"excerpt":{"rendered":"<p>En conferencia de prensa se confirm\u00f3 la presentaci\u00f3n en pelea <a href=\"https:\/\/sertv.gob.pa\/nacionalfm\/gerardo-murillo-pelea-ante-pugil-tico-en-parita-provincia-de-herrera\/\"> [&#8230;]<\/a><\/p>\n","protected":false},"author":1,"featured_media":21282,"comment_status":"closed","ping_status":"closed","sticky":false,"template":"","format":"standard","meta":{"footnotes":""},"categories":[4],"tags":[],"class_list":["post-21281","post","type-post","status-publish","format-standard","has-post-thumbnail","hentry","category-deportes"],"_links":{"self":[{"href":"https:\/\/sertv.gob.pa\/nacionalfm\/wp-json\/wp\/v2\/posts\/21281","targetHints":{"allow":["GET"]}}],"collection":[{"href":"https:\/\/sertv.gob.pa\/nacionalfm\/wp-json\/wp\/v2\/posts"}],"about":[{"href":"https:\/\/sertv.gob.pa\/nacionalfm\/wp-json\/wp\/v2\/types\/post"}],"author":[{"embeddable":true,"href":"https:\/\/sertv.gob.pa\/nacionalfm\/wp-json\/wp\/v2\/users\/1"}],"replies":[{"embeddable":true,"href":"https:\/\/sertv.gob.pa\/nacionalfm\/wp-json\/wp\/v2\/comments?post=21281"}],"version-history":[{"count":0,"href":"https:\/\/sertv.gob.pa\/nacionalfm\/wp-json\/wp\/v2\/posts\/21281\/revisions"}],"wp:featuredmedia":[{"embeddable":true,"href":"https:\/\/sertv.gob.pa\/nacionalfm\/wp-json\/wp\/v2\/media\/21282"}],"wp:attachment":[{"href":"https:\/\/sertv.gob.pa\/nacionalfm\/wp-json\/wp\/v2\/media?parent=21281"}],"wp:term":[{"taxonomy":"category","embeddable":true,"href":"https:\/\/sertv.gob.pa\/nacionalfm\/wp-json\/wp\/v2\/categories?post=21281"},{"taxonomy":"post_tag","embeddable":true,"href":"https:\/\/sertv.gob.pa\/nacionalfm\/wp-json\/wp\/v2\/tags?post=21281"}],"curies":[{"name":"wp","href":"https:\/\/api.w.org\/{rel}","templated":true}]}}