{"id":21285,"date":"2017-06-16T21:14:48","date_gmt":"2017-06-16T21:14:48","guid":{"rendered":""},"modified":"2017-06-16T21:14:48","modified_gmt":"2017-06-16T21:14:48","slug":"el-matematico-nunez-regresa-a-los-gimnasios-y-entrenara-con-chavez","status":"publish","type":"post","link":"https:\/\/sertv.gob.pa\/nacionalfm\/el-matematico-nunez-regresa-a-los-gimnasios-y-entrenara-con-chavez\/","title":{"rendered":"\u201cEl Matem\u00e1tico\u201d N\u00fa\u00f1ez se recupera y regresa a los gimnasios"},"content":{"rendered":"<p>\nEl p\u00fagil chorrerano Ricardo &ldquo;El Matem\u00e1tico&rdquo; N\u00fa\u00f1ez regres\u00f3 a los campos de entrenamientos luego de haber padecido una enfermedad respiratoria. <\/p>\n<p>&ldquo;El Matem\u00e1tico&rdquo; N\u00fa\u00f1ez manifest\u00f3 a Nacional FM que entrenar\u00e1 en el gimnasio Pedro &ldquo;Roquero&rdquo; Alc\u00e1zar de Curund\u00fa bajo las ordenes de Celso Ch\u00e1vez con la asistencia de Enrique &ldquo;Papi&rdquo; Torres, con miras a combatir posiblemente en el mes de julio. <\/p>\n<p>N\u00fa\u00f1ez dio a conocer que su m\u00e9dico le dio de alta, para que volviera a entrenar. <\/p>\n<p>&ldquo;El Matem\u00e1tico&rdquo; N\u00fa\u00f1ez cuenta con 28 victorias, 6 derrotas, con 23 ganadas por la v\u00eda r\u00e1pida. <\/p>\n","protected":false},"excerpt":{"rendered":"<p>El p\u00fagil chorrerano Ricardo &ldquo;El Matem\u00e1tico&rdquo; N\u00fa\u00f1ez regres\u00f3 a los <a href=\"https:\/\/sertv.gob.pa\/nacionalfm\/el-matematico-nunez-regresa-a-los-gimnasios-y-entrenara-con-chavez\/\"> [&#8230;]<\/a><\/p>\n","protected":false},"author":1,"featured_media":21286,"comment_status":"closed","ping_status":"closed","sticky":false,"template":"","format":"standard","meta":{"footnotes":""},"categories":[4],"tags":[],"class_list":["post-21285","post","type-post","status-publish","format-standard","has-post-thumbnail","hentry","category-deportes"],"_links":{"self":[{"href":"https:\/\/sertv.gob.pa\/nacionalfm\/wp-json\/wp\/v2\/posts\/21285","targetHints":{"allow":["GET"]}}],"collection":[{"href":"https:\/\/sertv.gob.pa\/nacionalfm\/wp-json\/wp\/v2\/posts"}],"about":[{"href":"https:\/\/sertv.gob.pa\/nacionalfm\/wp-json\/wp\/v2\/types\/post"}],"author":[{"embeddable":true,"href":"https:\/\/sertv.gob.pa\/nacionalfm\/wp-json\/wp\/v2\/users\/1"}],"replies":[{"embeddable":true,"href":"https:\/\/sertv.gob.pa\/nacionalfm\/wp-json\/wp\/v2\/comments?post=21285"}],"version-history":[{"count":0,"href":"https:\/\/sertv.gob.pa\/nacionalfm\/wp-json\/wp\/v2\/posts\/21285\/revisions"}],"wp:featuredmedia":[{"embeddable":true,"href":"https:\/\/sertv.gob.pa\/nacionalfm\/wp-json\/wp\/v2\/media\/21286"}],"wp:attachment":[{"href":"https:\/\/sertv.gob.pa\/nacionalfm\/wp-json\/wp\/v2\/media?parent=21285"}],"wp:term":[{"taxonomy":"category","embeddable":true,"href":"https:\/\/sertv.gob.pa\/nacionalfm\/wp-json\/wp\/v2\/categories?post=21285"},{"taxonomy":"post_tag","embeddable":true,"href":"https:\/\/sertv.gob.pa\/nacionalfm\/wp-json\/wp\/v2\/tags?post=21285"}],"curies":[{"name":"wp","href":"https:\/\/api.w.org\/{rel}","templated":true}]}}