{"id":2130,"date":"2014-10-17T05:00:00","date_gmt":"2014-10-17T05:00:00","guid":{"rendered":""},"modified":"2014-10-17T05:00:00","modified_gmt":"2014-10-17T05:00:00","slug":"carrera-24-horas-de-relevo-por-la-vida","status":"publish","type":"post","link":"https:\/\/sertv.gob.pa\/nacionalfm\/carrera-24-horas-de-relevo-por-la-vida\/","title":{"rendered":"Carrera 24 horas de Relevo por la Vida"},"content":{"rendered":"<p>\nUn grupo de voluntarios de la Fundaci\u00f3n Amigos del Ni\u00f1o con Leucemia y C\u00e1ncer (Fanlyc) ver\u00e1 los posibles hilos sueltos de lo que ser\u00e1 uno de sus grandes eventos que iniciar\u00e1 a las 8:00 a.m. de este s\u00e1bado 18 de octubre. <\/p>\n<p>Se trata de la versi\u00f3n 14 de la Carrera 24 horas de Relevo por la Vida que finalizar\u00e1 el domingo 19 a las 8:00 a.m. y que tendr\u00e1 como escenario el Causeway de Amador, en un circuito de tres kil\u00f3metros. <\/p>\n<p>Ser\u00e1n tres kil\u00f3metros de amor, m\u00e1s de 54 mil vueltas por amor a los ni\u00f1os, 127 equipos de empresas e instituciones que caminar\u00e1n o correr\u00e1n durante 24 horas de solidaridad, explica la directora ejecutiva de Fanlyc, \u00a0Leslie Ducruet. <\/p>\n<p>Es una carrera en que cada grupo forma su propio equipo, con el fin de lograr el mayor n\u00famero de vueltas posibles para dar \u00e1nimo a un ni\u00f1o o ni\u00f1a que est\u00e9 enfrentando el c\u00e1ncer. Cada vuelta en un circuito de tres kil\u00f3metros representa una donaci\u00f3n de 5 d\u00f3lares y gana el equipo que m\u00e1s vueltas realice en las 24 horas, explica en cuanto a la mec\u00e1nica. <\/p>\n<p>El a\u00f1o pasado se dieron 54 mil 401 vueltas y participaron 115 <\/p>\n<p>Esta actividad tiene como prop\u00f3sito unir a la comunidad paname\u00f1a frente a la causa del c\u00e1ncer infantil, y recaudar fondos que permitan apoyar el tratamiento de los m\u00e1s de 800 ni\u00f1os y adolescentes con c\u00e1ncer a trav\u00e9s de los programas de apoyo de Fanlyc, recuerda. <\/p>\n<p>\u00a0 <\/p>\n","protected":false},"excerpt":{"rendered":"<p>Un grupo de voluntarios de la Fundaci\u00f3n Amigos del Ni\u00f1o <a href=\"https:\/\/sertv.gob.pa\/nacionalfm\/carrera-24-horas-de-relevo-por-la-vida\/\"> [&#8230;]<\/a><\/p>\n","protected":false},"author":1,"featured_media":2131,"comment_status":"closed","ping_status":"closed","sticky":false,"template":"","format":"standard","meta":{"footnotes":""},"categories":[5],"tags":[],"class_list":["post-2130","post","type-post","status-publish","format-standard","has-post-thumbnail","hentry","category-salud"],"_links":{"self":[{"href":"https:\/\/sertv.gob.pa\/nacionalfm\/wp-json\/wp\/v2\/posts\/2130","targetHints":{"allow":["GET"]}}],"collection":[{"href":"https:\/\/sertv.gob.pa\/nacionalfm\/wp-json\/wp\/v2\/posts"}],"about":[{"href":"https:\/\/sertv.gob.pa\/nacionalfm\/wp-json\/wp\/v2\/types\/post"}],"author":[{"embeddable":true,"href":"https:\/\/sertv.gob.pa\/nacionalfm\/wp-json\/wp\/v2\/users\/1"}],"replies":[{"embeddable":true,"href":"https:\/\/sertv.gob.pa\/nacionalfm\/wp-json\/wp\/v2\/comments?post=2130"}],"version-history":[{"count":0,"href":"https:\/\/sertv.gob.pa\/nacionalfm\/wp-json\/wp\/v2\/posts\/2130\/revisions"}],"wp:featuredmedia":[{"embeddable":true,"href":"https:\/\/sertv.gob.pa\/nacionalfm\/wp-json\/wp\/v2\/media\/2131"}],"wp:attachment":[{"href":"https:\/\/sertv.gob.pa\/nacionalfm\/wp-json\/wp\/v2\/media?parent=2130"}],"wp:term":[{"taxonomy":"category","embeddable":true,"href":"https:\/\/sertv.gob.pa\/nacionalfm\/wp-json\/wp\/v2\/categories?post=2130"},{"taxonomy":"post_tag","embeddable":true,"href":"https:\/\/sertv.gob.pa\/nacionalfm\/wp-json\/wp\/v2\/tags?post=2130"}],"curies":[{"name":"wp","href":"https:\/\/api.w.org\/{rel}","templated":true}]}}