{"id":2156,"date":"2014-10-18T05:00:00","date_gmt":"2014-10-18T05:00:00","guid":{"rendered":""},"modified":"2014-10-18T05:00:00","modified_gmt":"2014-10-18T05:00:00","slug":"para-coordinar-lucha-contra-el-ebola-obama-nombra-zar","status":"publish","type":"post","link":"https:\/\/sertv.gob.pa\/nacionalfm\/para-coordinar-lucha-contra-el-ebola-obama-nombra-zar\/","title":{"rendered":"Para coordinar lucha contra el \u00e9bola, Obama nombra zar"},"content":{"rendered":"<p>\nEl presidente de Estados Unidos, Barack Obama, nombr\u00f3 al abogado Ron Klain como responsable para coordinar la respuesta del gobierno estadounidense contra el virus del \u00e9bola. <\/p>\n<p>Klain, que labor\u00f3 en la Casa Blanca como jefe de gabinete de los vicepresidentes Al Gore y Joe Biden, deber\u00e1 responder directamente ante las consejeras presidenciales de seguridad Lisa Monaco y Susan Rice. <\/p>\n<p>Obama adelant\u00f3 \u00a0su intenci\u00f3n de crear este puesto para supervisar la seguridad sanitaria de EE.UU. y ofrecer ayuda a la epidemia de c\u00f3lera desatada hace unos meses en \u00c1frica occidental que ya se ha cobrado la vida de m\u00e1s de 4.500 personas. <\/p>\n<p>En Estados Unidos, la enfermedad ha dejado un muerto, Thomas Eric Duncan, un hombre de origen liberiano que contrajo la enfermedad en ese pa\u00eds africano. <\/p>\n<p>Adem\u00e1s, en estos momentos, hay tres personas ingresadas por la enfermedad: dos enfermeras que atendieron a Duncan en un hospital de Texas y se contagiaron y un corresponsal que contrajo el virus en Liberia. <\/p>\n<p>\u00a0 <\/p>\n","protected":false},"excerpt":{"rendered":"<p>El presidente de Estados Unidos, Barack Obama, nombr\u00f3 al abogado <a href=\"https:\/\/sertv.gob.pa\/nacionalfm\/para-coordinar-lucha-contra-el-ebola-obama-nombra-zar\/\"> [&#8230;]<\/a><\/p>\n","protected":false},"author":1,"featured_media":2157,"comment_status":"closed","ping_status":"closed","sticky":false,"template":"","format":"standard","meta":{"footnotes":""},"categories":[5],"tags":[],"class_list":["post-2156","post","type-post","status-publish","format-standard","has-post-thumbnail","hentry","category-salud"],"_links":{"self":[{"href":"https:\/\/sertv.gob.pa\/nacionalfm\/wp-json\/wp\/v2\/posts\/2156","targetHints":{"allow":["GET"]}}],"collection":[{"href":"https:\/\/sertv.gob.pa\/nacionalfm\/wp-json\/wp\/v2\/posts"}],"about":[{"href":"https:\/\/sertv.gob.pa\/nacionalfm\/wp-json\/wp\/v2\/types\/post"}],"author":[{"embeddable":true,"href":"https:\/\/sertv.gob.pa\/nacionalfm\/wp-json\/wp\/v2\/users\/1"}],"replies":[{"embeddable":true,"href":"https:\/\/sertv.gob.pa\/nacionalfm\/wp-json\/wp\/v2\/comments?post=2156"}],"version-history":[{"count":0,"href":"https:\/\/sertv.gob.pa\/nacionalfm\/wp-json\/wp\/v2\/posts\/2156\/revisions"}],"wp:featuredmedia":[{"embeddable":true,"href":"https:\/\/sertv.gob.pa\/nacionalfm\/wp-json\/wp\/v2\/media\/2157"}],"wp:attachment":[{"href":"https:\/\/sertv.gob.pa\/nacionalfm\/wp-json\/wp\/v2\/media?parent=2156"}],"wp:term":[{"taxonomy":"category","embeddable":true,"href":"https:\/\/sertv.gob.pa\/nacionalfm\/wp-json\/wp\/v2\/categories?post=2156"},{"taxonomy":"post_tag","embeddable":true,"href":"https:\/\/sertv.gob.pa\/nacionalfm\/wp-json\/wp\/v2\/tags?post=2156"}],"curies":[{"name":"wp","href":"https:\/\/api.w.org\/{rel}","templated":true}]}}