{"id":2160,"date":"2014-10-19T05:00:00","date_gmt":"2014-10-19T05:00:00","guid":{"rendered":""},"modified":"2014-10-19T05:00:00","modified_gmt":"2014-10-19T05:00:00","slug":"en-chiriqui-exitosa-feria-de-salud","status":"publish","type":"post","link":"https:\/\/sertv.gob.pa\/nacionalfm\/en-chiriqui-exitosa-feria-de-salud\/","title":{"rendered":"En Chiriqu\u00ed exitosa feria de salud"},"content":{"rendered":"<p>\nEn el marco de la celebraci\u00f3n de la campa\u00f1a de la Cinta Rosada y Celeste, mes de la prevenci\u00f3n del c\u00e1ncer de mama y pr\u00f3stata, la Gobernaci\u00f3n de Chiriqu\u00ed organiz\u00f3 frente a la Casa de Gobierno una Feria de la Salud con el fin de brindar atenci\u00f3n gratuita a la comunidad. <\/p>\n<p>La actividad que cont\u00f3 con el apoyo del Ministerio de Salud, MINSA, quien realiz\u00f3 una jornada de salud integral resaltando en la prevenci\u00f3n y detecci\u00f3n a tiempo del c\u00e1ncer de mamas y de pr\u00f3stata. <\/p>\n<p>La esposa del gobernador, Sra. Argeliz Quir\u00f3z de M\u00e9ndez, expres\u00f3 que durante el mes de la campa\u00f1a se enfatiza en la prevenci\u00f3n del c\u00e1ncer de mamas y pr\u00f3stata, causantes del mayor n\u00famero de muertes a causa de esta enfermedad; no obstante, es primordial que tanto damas como caballeros sean conscientes de que cualquier mes del a\u00f1o es oportuno para cuidar de nuestra salud y conservarla. <\/p>\n<p>Cabe destacar que se practicaron gratuitamente 36 ex\u00e1menes tacto-rectal a hombres mayores de 40 a\u00f1os de edad y la prueba de Papanicolaou a 25 mujeres en edad reproductiva; mientras se brindaba servicios de medicina general, \u00a0enfermer\u00eda, vacunaci\u00f3n y promoci\u00f3n de Salud. <\/p>\n<p>\u00a0 <\/p>\n","protected":false},"excerpt":{"rendered":"<p>En el marco de la celebraci\u00f3n de la campa\u00f1a de <a href=\"https:\/\/sertv.gob.pa\/nacionalfm\/en-chiriqui-exitosa-feria-de-salud\/\"> [&#8230;]<\/a><\/p>\n","protected":false},"author":1,"featured_media":2161,"comment_status":"closed","ping_status":"closed","sticky":false,"template":"","format":"standard","meta":{"footnotes":""},"categories":[5],"tags":[],"class_list":["post-2160","post","type-post","status-publish","format-standard","has-post-thumbnail","hentry","category-salud"],"_links":{"self":[{"href":"https:\/\/sertv.gob.pa\/nacionalfm\/wp-json\/wp\/v2\/posts\/2160","targetHints":{"allow":["GET"]}}],"collection":[{"href":"https:\/\/sertv.gob.pa\/nacionalfm\/wp-json\/wp\/v2\/posts"}],"about":[{"href":"https:\/\/sertv.gob.pa\/nacionalfm\/wp-json\/wp\/v2\/types\/post"}],"author":[{"embeddable":true,"href":"https:\/\/sertv.gob.pa\/nacionalfm\/wp-json\/wp\/v2\/users\/1"}],"replies":[{"embeddable":true,"href":"https:\/\/sertv.gob.pa\/nacionalfm\/wp-json\/wp\/v2\/comments?post=2160"}],"version-history":[{"count":0,"href":"https:\/\/sertv.gob.pa\/nacionalfm\/wp-json\/wp\/v2\/posts\/2160\/revisions"}],"wp:featuredmedia":[{"embeddable":true,"href":"https:\/\/sertv.gob.pa\/nacionalfm\/wp-json\/wp\/v2\/media\/2161"}],"wp:attachment":[{"href":"https:\/\/sertv.gob.pa\/nacionalfm\/wp-json\/wp\/v2\/media?parent=2160"}],"wp:term":[{"taxonomy":"category","embeddable":true,"href":"https:\/\/sertv.gob.pa\/nacionalfm\/wp-json\/wp\/v2\/categories?post=2160"},{"taxonomy":"post_tag","embeddable":true,"href":"https:\/\/sertv.gob.pa\/nacionalfm\/wp-json\/wp\/v2\/tags?post=2160"}],"curies":[{"name":"wp","href":"https:\/\/api.w.org\/{rel}","templated":true}]}}