{"id":2172,"date":"2014-10-20T05:00:00","date_gmt":"2014-10-20T05:00:00","guid":{"rendered":""},"modified":"2014-10-20T05:00:00","modified_gmt":"2014-10-20T05:00:00","slug":"mandatarios-latinoamericanos-preparan-accion-conjunta-contra-el-ebola","status":"publish","type":"post","link":"https:\/\/sertv.gob.pa\/nacionalfm\/mandatarios-latinoamericanos-preparan-accion-conjunta-contra-el-ebola\/","title":{"rendered":"Mandatarios latinoamericanos preparan acci\u00f3n conjunta contra el \u00e9bola"},"content":{"rendered":"<p>\nLos mandatarios y ministros de Salud de 12 pa\u00edses de Am\u00e9rica Latina y el Caribe empezaron \u00a0a debatir este lunes en La Habana, en una cumbre \u00abextraordinaria\u00bb del ALBA, una acci\u00f3n conjunta contra el \u00e9bola en la regi\u00f3n, mientras el temor a la epidemia se extiende por el mundo. <\/p>\n<p>\u00abUna terrible epidemia se propaga hoy por los hermanos pueblos de \u00c1frica y nos amenaza a todos\u00bb, expres\u00f3 el presidente cubano Ra\u00fal Castro, quien solicit\u00f3 evitar la \u00abpolitizaci\u00f3n\u00bb del \u00e9bola, al inaugurar este c\u00f3nclave de un d\u00eda. <\/p>\n<p>\u00abSi esta amenaza no se frena en \u00c1frica Occidental (&#8230;), puede convertirse en una de las pandemias m\u00e1s graves de la historia de la humanidad\u00bb, a\u00f1adi\u00f3 el gobernante cubano, quien destac\u00f3 que \u00abpor las venas de nuestra Am\u00e9rica corre sangre africana\u00bb <\/p>\n<p>\u00a0 <\/p>\n","protected":false},"excerpt":{"rendered":"<p>Los mandatarios y ministros de Salud de 12 pa\u00edses de <a href=\"https:\/\/sertv.gob.pa\/nacionalfm\/mandatarios-latinoamericanos-preparan-accion-conjunta-contra-el-ebola\/\"> [&#8230;]<\/a><\/p>\n","protected":false},"author":1,"featured_media":2173,"comment_status":"closed","ping_status":"closed","sticky":false,"template":"","format":"standard","meta":{"footnotes":""},"categories":[5],"tags":[],"class_list":["post-2172","post","type-post","status-publish","format-standard","has-post-thumbnail","hentry","category-salud"],"_links":{"self":[{"href":"https:\/\/sertv.gob.pa\/nacionalfm\/wp-json\/wp\/v2\/posts\/2172","targetHints":{"allow":["GET"]}}],"collection":[{"href":"https:\/\/sertv.gob.pa\/nacionalfm\/wp-json\/wp\/v2\/posts"}],"about":[{"href":"https:\/\/sertv.gob.pa\/nacionalfm\/wp-json\/wp\/v2\/types\/post"}],"author":[{"embeddable":true,"href":"https:\/\/sertv.gob.pa\/nacionalfm\/wp-json\/wp\/v2\/users\/1"}],"replies":[{"embeddable":true,"href":"https:\/\/sertv.gob.pa\/nacionalfm\/wp-json\/wp\/v2\/comments?post=2172"}],"version-history":[{"count":0,"href":"https:\/\/sertv.gob.pa\/nacionalfm\/wp-json\/wp\/v2\/posts\/2172\/revisions"}],"wp:featuredmedia":[{"embeddable":true,"href":"https:\/\/sertv.gob.pa\/nacionalfm\/wp-json\/wp\/v2\/media\/2173"}],"wp:attachment":[{"href":"https:\/\/sertv.gob.pa\/nacionalfm\/wp-json\/wp\/v2\/media?parent=2172"}],"wp:term":[{"taxonomy":"category","embeddable":true,"href":"https:\/\/sertv.gob.pa\/nacionalfm\/wp-json\/wp\/v2\/categories?post=2172"},{"taxonomy":"post_tag","embeddable":true,"href":"https:\/\/sertv.gob.pa\/nacionalfm\/wp-json\/wp\/v2\/tags?post=2172"}],"curies":[{"name":"wp","href":"https:\/\/api.w.org\/{rel}","templated":true}]}}