{"id":2174,"date":"2014-10-20T05:00:00","date_gmt":"2014-10-20T05:00:00","guid":{"rendered":""},"modified":"2014-10-20T05:00:00","modified_gmt":"2014-10-20T05:00:00","slug":"oms-declara-libre-de-ebola-a-nigeria","status":"publish","type":"post","link":"https:\/\/sertv.gob.pa\/nacionalfm\/oms-declara-libre-de-ebola-a-nigeria\/","title":{"rendered":"OMS declara libre de \u00e9bola a Nigeria"},"content":{"rendered":"<p>\nLa Organizaci\u00f3n Mundial de la Salud (OMS) declar\u00f3 el lunes oficialmente a Nigeria libre de \u00e9bola, luego de pasar los 42 d\u00edas necesarios, dos periodos de incubaci\u00f3n, sin ning\u00fan nuevo caso de contagio confirmado. <\/p>\n<p>&ldquo;La epidemia en Nigeria ha sido derrotada. Es un \u00e9xito espectacular que muestra al mundo que el \u00e9bola puede ser contenido&rdquo;, expres\u00f3 el representante de la OMS en Abuya, Rui Gama Vaz. <\/p>\n<p>La llegada del \u00e9bola a Nigeria, el pa\u00eds m\u00e1s poblado de \u00c1frica con un sistema de salud precario, dispar\u00f3 los temores a una r\u00e1pida propagaci\u00f3n del virus, pero la epidemia fue contenida con un saldo de 20 v\u00edctimas, entre ellos ocho muertos, gracias a una respuesta r\u00e1pida y eficaz de las autoridades. <\/p>\n<p>Senegal, donde se cur\u00f3 un \u00fanico enferm\u00f3 que lleg\u00f3 de Guinea, igualmente fue declarado libre de \u00e9bola el viernes por la OMS. <\/p>\n<p>Ambos pa\u00edses son observados por los especialistas que tratan de contener la propagaci\u00f3n en el mundo de la enfermedad, que se ha cobrado 4 mil 555 muertes en siete pa\u00edses, la mayor\u00eda en \u00c1frica Occidental. <\/p>\n<p>\u00a0 <\/p>\n","protected":false},"excerpt":{"rendered":"<p>La Organizaci\u00f3n Mundial de la Salud (OMS) declar\u00f3 el lunes <a href=\"https:\/\/sertv.gob.pa\/nacionalfm\/oms-declara-libre-de-ebola-a-nigeria\/\"> [&#8230;]<\/a><\/p>\n","protected":false},"author":1,"featured_media":2175,"comment_status":"closed","ping_status":"closed","sticky":false,"template":"","format":"standard","meta":{"footnotes":""},"categories":[5],"tags":[],"class_list":["post-2174","post","type-post","status-publish","format-standard","has-post-thumbnail","hentry","category-salud"],"_links":{"self":[{"href":"https:\/\/sertv.gob.pa\/nacionalfm\/wp-json\/wp\/v2\/posts\/2174","targetHints":{"allow":["GET"]}}],"collection":[{"href":"https:\/\/sertv.gob.pa\/nacionalfm\/wp-json\/wp\/v2\/posts"}],"about":[{"href":"https:\/\/sertv.gob.pa\/nacionalfm\/wp-json\/wp\/v2\/types\/post"}],"author":[{"embeddable":true,"href":"https:\/\/sertv.gob.pa\/nacionalfm\/wp-json\/wp\/v2\/users\/1"}],"replies":[{"embeddable":true,"href":"https:\/\/sertv.gob.pa\/nacionalfm\/wp-json\/wp\/v2\/comments?post=2174"}],"version-history":[{"count":0,"href":"https:\/\/sertv.gob.pa\/nacionalfm\/wp-json\/wp\/v2\/posts\/2174\/revisions"}],"wp:featuredmedia":[{"embeddable":true,"href":"https:\/\/sertv.gob.pa\/nacionalfm\/wp-json\/wp\/v2\/media\/2175"}],"wp:attachment":[{"href":"https:\/\/sertv.gob.pa\/nacionalfm\/wp-json\/wp\/v2\/media?parent=2174"}],"wp:term":[{"taxonomy":"category","embeddable":true,"href":"https:\/\/sertv.gob.pa\/nacionalfm\/wp-json\/wp\/v2\/categories?post=2174"},{"taxonomy":"post_tag","embeddable":true,"href":"https:\/\/sertv.gob.pa\/nacionalfm\/wp-json\/wp\/v2\/tags?post=2174"}],"curies":[{"name":"wp","href":"https:\/\/api.w.org\/{rel}","templated":true}]}}