{"id":21842,"date":"2017-07-11T19:57:37","date_gmt":"2017-07-11T19:57:37","guid":{"rendered":""},"modified":"2017-07-11T19:57:37","modified_gmt":"2017-07-11T19:57:37","slug":"omir-rodriguez-estelariza-cartelera-boxistica-c3-bajo-fuego-en-colon","status":"publish","type":"post","link":"https:\/\/sertv.gob.pa\/nacionalfm\/omir-rodriguez-estelariza-cartelera-boxistica-c3-bajo-fuego-en-colon\/","title":{"rendered":"Omir Rodr\u00edguez en cartelera box\u00edstica \u201cC3 Bajo Fuego\u201d, en Col\u00f3n"},"content":{"rendered":"<p>\nOmir &ldquo;El Hijo de Dios&rdquo; Rodr\u00edguez estelarizar\u00e1 la cartelera box\u00edstica &ldquo;C3 Bajo Fuego&rdquo; que se llevar\u00e1 a cabo el pr\u00f3ximo viernes 11 de agosto, organizada por Promociones y Eventos del Istmo, en el Club \u00c1rabe de Col\u00f3n. <\/p>\n<p>Omir Rodr\u00edguez disputar\u00e1 el t\u00edtulo FEDECARIBE de los pesos welter de la Asociaci\u00f3n Mundial de boxeo ante el venezolano Adri\u00e1n P\u00e9rez a una distancia de 9 asaltos. <\/p>\n<p>En el combate coestelar, el colonense Eric &ldquo;El Latigo&rdquo; Walters, se medir\u00e1 al venezolano Kelly Figueroa a 6 asaltos y 138 libras. <\/p>\n<p>Otros que estar\u00e1n en acci\u00f3n el 11 de agosto, ser\u00e1n el ganador del premio a Novato del A\u00f1o 2016, el colonense Lesvy Maure, el clasificado mundial Azael &ldquo;Candelilla&rdquo; Villar y el prospecto darienita Edgar Valencia. <\/p>\n<p>El serio aspirante a ganar el premio de Novato del A\u00f1o 2017, Rafael Pedroza estar\u00e1 en acci\u00f3n ante el chiricano Jos\u00e9 Bernal, en combate pactado a 4 asaltos y 118 libras. <\/p>\n<p>\u00a0 <\/p>\n","protected":false},"excerpt":{"rendered":"<p>Omir &ldquo;El Hijo de Dios&rdquo; Rodr\u00edguez estelarizar\u00e1 la cartelera box\u00edstica <a href=\"https:\/\/sertv.gob.pa\/nacionalfm\/omir-rodriguez-estelariza-cartelera-boxistica-c3-bajo-fuego-en-colon\/\"> [&#8230;]<\/a><\/p>\n","protected":false},"author":1,"featured_media":21843,"comment_status":"closed","ping_status":"closed","sticky":false,"template":"","format":"standard","meta":{"footnotes":""},"categories":[4],"tags":[],"class_list":["post-21842","post","type-post","status-publish","format-standard","has-post-thumbnail","hentry","category-deportes"],"_links":{"self":[{"href":"https:\/\/sertv.gob.pa\/nacionalfm\/wp-json\/wp\/v2\/posts\/21842","targetHints":{"allow":["GET"]}}],"collection":[{"href":"https:\/\/sertv.gob.pa\/nacionalfm\/wp-json\/wp\/v2\/posts"}],"about":[{"href":"https:\/\/sertv.gob.pa\/nacionalfm\/wp-json\/wp\/v2\/types\/post"}],"author":[{"embeddable":true,"href":"https:\/\/sertv.gob.pa\/nacionalfm\/wp-json\/wp\/v2\/users\/1"}],"replies":[{"embeddable":true,"href":"https:\/\/sertv.gob.pa\/nacionalfm\/wp-json\/wp\/v2\/comments?post=21842"}],"version-history":[{"count":0,"href":"https:\/\/sertv.gob.pa\/nacionalfm\/wp-json\/wp\/v2\/posts\/21842\/revisions"}],"wp:featuredmedia":[{"embeddable":true,"href":"https:\/\/sertv.gob.pa\/nacionalfm\/wp-json\/wp\/v2\/media\/21843"}],"wp:attachment":[{"href":"https:\/\/sertv.gob.pa\/nacionalfm\/wp-json\/wp\/v2\/media?parent=21842"}],"wp:term":[{"taxonomy":"category","embeddable":true,"href":"https:\/\/sertv.gob.pa\/nacionalfm\/wp-json\/wp\/v2\/categories?post=21842"},{"taxonomy":"post_tag","embeddable":true,"href":"https:\/\/sertv.gob.pa\/nacionalfm\/wp-json\/wp\/v2\/tags?post=21842"}],"curies":[{"name":"wp","href":"https:\/\/api.w.org\/{rel}","templated":true}]}}