{"id":21886,"date":"2017-07-13T17:20:29","date_gmt":"2017-07-13T17:20:29","guid":{"rendered":""},"modified":"2017-07-13T17:20:29","modified_gmt":"2017-07-13T17:20:29","slug":"se-reactiva-la-operacion-tamano-en-el-baloncesto-nacional","status":"publish","type":"post","link":"https:\/\/sertv.gob.pa\/nacionalfm\/se-reactiva-la-operacion-tamano-en-el-baloncesto-nacional\/","title":{"rendered":"Se reactiva la \u201cOperaci\u00f3n Tama\u00f1o en el Baloncesto Nacional"},"content":{"rendered":"<p>\nBajo la coordinaci\u00f3n de los exseleccionados del baloncesto nacional Mario Butler y Fernando Pinillo, adem\u00e1s del comentarista Camilo Rangel, se dieron a conocer los planes del proyecto &ldquo;Operaci\u00f3n Tama\u00f1o&rdquo;, que con algunos cambios en su ejecuci\u00f3n busca mezclar el desarrollo del talento y el reforzamiento educativo a trav\u00e9s de becas deportivas para los j\u00f3venes que participan del programa. <\/p>\n<p>Como parte de esta iniciativa se realiz\u00f3 un conversatorio promovido por la Asociaci\u00f3n Paname\u00f1a de Ejecutivos de Empresa (APEDE), en la que adem\u00e1s de Butler y Pinillo, participaron el reconocido comentarista de la NBA para ESPN, el entrenador puertorrique\u00f1o Carlos Morales y el t\u00e9cnico estadounidense Terry Layton, relacionado con \u00a0los equipos Thunder, Bulls y Heat. <\/p>\n<p>Esta actividad tambi\u00e9n cont\u00f3 con la presencia de los exseleccionados, Mario G\u00e1lvez, Adolfo Medrick, Edgar &ldquo;Tibur\u00f3n\u00a8 Mac\u00edas y del exol\u00edmpico Norris Webb, quienes se sumaron a contribuir con este proyecto, que adem\u00e1s busca sentar las bases para que el baloncesto vuelva a los primeros planos y los tiempos de gloria que le dieron estos jugadores. <\/p>\n<p>Pinillo indic\u00f3 que el proyecto se \u00a0viene ejecutando en todo el pa\u00eds, entre ellos el grupo que mantiene en su natal Col\u00f3n y sobre la oportunidad que buscan en ofrecerles a estos j\u00f3venes por medio del baloncesto, al igual que ellos obtuvieron cuando como seleccionados Mario Butler, Mario G\u00e1lvez, Rolando Frazer, Reynaldo Grenald y su persona jugaron juntos en la Universidad de Briar Cliff en Estados Unidos, que les permiti\u00f3 dejar en varios torneos en alto el nombre de Panam\u00e1 y sobre todo forjarlos como personas de bien. <\/p>\n<p>Por medio de la &ldquo;Operaci\u00f3n Tama\u00f1o&rdquo; en la d\u00e9cada del 80 el baloncesto paname\u00f1o lleg\u00f3 a ganar en el 81 el Centrobasket en Puerto Rico, la medalla de oro en los Juegos Centroamericanos y del Caribe en 1986 en Rep\u00fablica Dominicana y participar en los Mundiales de 1982 en Colombia y 1986 en Espa\u00f1a. <\/p>\n<p>\u00a0 <\/p>\n","protected":false},"excerpt":{"rendered":"<p>Bajo la coordinaci\u00f3n de los exseleccionados del baloncesto nacional Mario <a href=\"https:\/\/sertv.gob.pa\/nacionalfm\/se-reactiva-la-operacion-tamano-en-el-baloncesto-nacional\/\"> [&#8230;]<\/a><\/p>\n","protected":false},"author":1,"featured_media":21887,"comment_status":"closed","ping_status":"closed","sticky":false,"template":"","format":"standard","meta":{"footnotes":""},"categories":[4],"tags":[],"class_list":["post-21886","post","type-post","status-publish","format-standard","has-post-thumbnail","hentry","category-deportes"],"_links":{"self":[{"href":"https:\/\/sertv.gob.pa\/nacionalfm\/wp-json\/wp\/v2\/posts\/21886","targetHints":{"allow":["GET"]}}],"collection":[{"href":"https:\/\/sertv.gob.pa\/nacionalfm\/wp-json\/wp\/v2\/posts"}],"about":[{"href":"https:\/\/sertv.gob.pa\/nacionalfm\/wp-json\/wp\/v2\/types\/post"}],"author":[{"embeddable":true,"href":"https:\/\/sertv.gob.pa\/nacionalfm\/wp-json\/wp\/v2\/users\/1"}],"replies":[{"embeddable":true,"href":"https:\/\/sertv.gob.pa\/nacionalfm\/wp-json\/wp\/v2\/comments?post=21886"}],"version-history":[{"count":0,"href":"https:\/\/sertv.gob.pa\/nacionalfm\/wp-json\/wp\/v2\/posts\/21886\/revisions"}],"wp:featuredmedia":[{"embeddable":true,"href":"https:\/\/sertv.gob.pa\/nacionalfm\/wp-json\/wp\/v2\/media\/21887"}],"wp:attachment":[{"href":"https:\/\/sertv.gob.pa\/nacionalfm\/wp-json\/wp\/v2\/media?parent=21886"}],"wp:term":[{"taxonomy":"category","embeddable":true,"href":"https:\/\/sertv.gob.pa\/nacionalfm\/wp-json\/wp\/v2\/categories?post=21886"},{"taxonomy":"post_tag","embeddable":true,"href":"https:\/\/sertv.gob.pa\/nacionalfm\/wp-json\/wp\/v2\/tags?post=21886"}],"curies":[{"name":"wp","href":"https:\/\/api.w.org\/{rel}","templated":true}]}}